{"id":4968,"date":"2022-08-28T19:07:36","date_gmt":"2022-08-28T19:07:36","guid":{"rendered":"https:\/\/dalmatia-express.com\/?p=4968"},"modified":"2022-08-28T19:14:41","modified_gmt":"2022-08-28T19:14:41","slug":"split-to-korcula","status":"publish","type":"post","link":"https:\/\/dalmatia-express.com\/de\/blog\/split-to-korcula\/","title":{"rendered":"Von Split nach Kor\u010dula \u2013 Alles, was Sie wissen m\u00fcssen"},"content":{"rendered":"<div data-elementor-type=\"wp-post\" data-elementor-id=\"4968\" class=\"elementor elementor-4968\">\n\t\t\t\t\t\t\t\t\t<section class=\"elementor-section elementor-top-section elementor-element elementor-element-9d65494 elementor-section-boxed elementor-section-height-default elementor-section-height-default\" data-id=\"9d65494\" data-element_type=\"section\">\n\t\t\t\t\t\t<div class=\"elementor-container elementor-column-gap-default\">\n\t\t\t\t\t<div class=\"elementor-column elementor-col-100 elementor-top-column elementor-element elementor-element-2a24477\" data-id=\"2a24477\" data-element_type=\"column\">\n\t\t\t<div class=\"elementor-widget-wrap elementor-element-populated\">\n\t\t\t\t\t\t\t\t<div class=\"elementor-element elementor-element-08650d1 elementor-widget elementor-widget-heading\" data-id=\"08650d1\" data-element_type=\"widget\" data-widget_type=\"heading.default\">\n\t\t\t\t<div class=\"elementor-widget-container\">\n\t\t\t<style>\/*! elementor - v3.6.6 - 08-06-2022 *\/\n.elementor-heading-title{padding:0;margin:0;line-height:1}.elementor-widget-heading .elementor-heading-title[class*=elementor-size-]>a{color:inherit;font-size:inherit;line-height:inherit}.elementor-widget-heading .elementor-heading-title.elementor-size-small{font-size:15px}.elementor-widget-heading .elementor-heading-title.elementor-size-medium{font-size:19px}.elementor-widget-heading .elementor-heading-title.elementor-size-large{font-size:29px}.elementor-widget-heading .elementor-heading-title.elementor-size-xl{font-size:39px}.elementor-widget-heading .elementor-heading-title.elementor-size-xxl{font-size:59px}<\/style><h1 class=\"elementor-heading-title elementor-size-default\"><span id=\"Getting_from_Split_to_Korcula-_Everything_You_Need_to_Know\">Von Split nach Kor\u010dula \u2013 Alles, was Sie wissen m\u00fcssen<\/span><\/h1>\t\t<\/div>\n\t\t\t\t<\/div>\n\t\t\t\t<div class=\"elementor-element elementor-element-0c356c7 elementor-widget elementor-widget-text-editor\" data-id=\"0c356c7\" data-element_type=\"widget\" data-widget_type=\"text-editor.default\">\n\t\t\t\t<div class=\"elementor-widget-container\">\n\t\t\t<style>\/*! elementor - v3.6.6 - 08-06-2022 *\/\n.elementor-widget-text-editor.elementor-drop-cap-view-stacked .elementor-drop-cap{background-color:#818a91;color:#fff}.elementor-widget-text-editor.elementor-drop-cap-view-framed .elementor-drop-cap{color:#818a91;border:3px solid;background-color:transparent}.elementor-widget-text-editor:not(.elementor-drop-cap-view-default) .elementor-drop-cap{margin-top:8px}.elementor-widget-text-editor:not(.elementor-drop-cap-view-default) .elementor-drop-cap-letter{width:1em;height:1em}.elementor-widget-text-editor .elementor-drop-cap{float:left;text-align:center;line-height:1;font-size:50px}.elementor-widget-text-editor .elementor-drop-cap-letter{display:inline-block}<\/style>\t\t\t\t<p><span style=\"font-weight: 400;\">Sie fragen sich, wie Sie von Split nach Kor\u010dula gelangen? Wir haben alle Alternativen abgedeckt, abh\u00e4ngig von Ihrer Zeit, Ihrem Geld, Ihrem Gep\u00e4ck und Ihrem Fahrzeug (falls Sie mit einem reisen). Machen Sie sich keine Sorgen, Ihre Reise soll so angenehm und anspruchsvoll wie m\u00f6glich sein. Willkommen in Dalmatien und genie\u00dfen Sie Ihren Aufenthalt!<\/span><\/p>\t\t\t\t\t\t<\/div>\n\t\t\t\t<\/div>\n\t\t\t\t<div class=\"elementor-element elementor-element-01fcc0d elementor-widget elementor-widget-shortcode\" data-id=\"01fcc0d\" data-element_type=\"widget\" data-widget_type=\"shortcode.default\">\n\t\t\t\t<div class=\"elementor-widget-container\">\n\t\t\t\t\t<div class=\"elementor-shortcode\"><div id=\"toc_container\" class=\"no_bullets\"><p class=\"toc_title\">Inhaltsverzeichnis<\/p><ul class=\"toc_list\"><li><a href=\"#Getting_from_Split_to_Korcula-_Everything_You_Need_to_Know\"><span class=\"toc_number toc_depth_1\">1<\/span> Von Split nach Kor\u010dula \u2013 Alles, was Sie wissen m\u00fcssen<\/a><ul><li><a href=\"#Ferries\"><span class=\"toc_number toc_depth_2\">1.1<\/span> F\u00e4hren<\/a><ul><li><a href=\"#Split_to_Vela_Luka_Korcula_departure_arrival\"><span class=\"toc_number toc_depth_3\">1.1.1<\/span> Split nach Vela Luka, Kor\u010dula (Abfahrt \u2013 Ankunft)\n\n<\/a><\/li><li><a href=\"#Vela_Luka_Korcula_to_Split_departure_arrival\"><span class=\"toc_number toc_depth_3\">1.1.2<\/span> Vela Luka, Kor\u010dula nach Split (Abfahrt \u2013 Ankunft)\n\n<\/a><ul><li><a href=\"#Prices-_HRKE\"><span class=\"toc_number toc_depth_4\">1.1.2.1<\/span> Preise: HRK\/\u20ac\u00a0<\/a><\/li><\/ul><\/li><\/ul><\/li><li><a href=\"#Catamarans\"><span class=\"toc_number toc_depth_2\">1.2<\/span> Katamarane\n<\/a><ul><li><a href=\"#Krilo\"><span class=\"toc_number toc_depth_3\">1.2.1<\/span> Krilo <\/a><ul><li><a href=\"#Timetable\"><span class=\"toc_number toc_depth_4\">1.2.1.1<\/span> Zeitplan<\/a><ul><li><a href=\"#Direct_line\"><span class=\"toc_number toc_depth_5\">1.2.1.1.1<\/span> Direkte Linie<\/a><\/li><\/ul><\/li><li><a href=\"#Split_Milna_Korcula\"><span class=\"toc_number toc_depth_4\">1.2.1.2<\/span> Split \u2013 Milna \u2013 Kor\u010dula\n<\/a><\/li><li><a href=\"#Split_Bol_Korcula\"><span class=\"toc_number toc_depth_4\">1.2.1.3<\/span> Split \u2013 Bol \u2013 Kor\u010dula\n\n<\/a><\/li><li><a href=\"#Prices\"><span class=\"toc_number toc_depth_4\">1.2.1.4<\/span> Preise\n\n<\/a><\/li><\/ul><\/li><li><a href=\"#TP_Line\"><span class=\"toc_number toc_depth_3\">1.2.2<\/span> TP-Linie\n<\/a><ul><li><a href=\"#Timetable-2\"><span class=\"toc_number toc_depth_4\">1.2.2.1<\/span> Zeitplan<\/a><\/li><li><a href=\"#Prices-2\"><span class=\"toc_number toc_depth_4\">1.2.2.2<\/span> Preise\u00a0<\/a><\/li><\/ul><\/li><li><a href=\"#Jadrolinija\"><span class=\"toc_number toc_depth_3\">1.2.3<\/span> Jadrolinija<\/a><ul><li><a href=\"#Timetable-3\"><span class=\"toc_number toc_depth_4\">1.2.3.1<\/span> Zeitplan<\/a><\/li><li><a href=\"#Prices-3\"><span class=\"toc_number toc_depth_4\">1.2.3.2<\/span> Preise\u00a0\u00a0<\/a><\/li><\/ul><\/li><\/ul><\/li><li><a href=\"#Private_boat_taxi\"><span class=\"toc_number toc_depth_2\">1.3<\/span> Privates Bootstaxi\n<\/a><\/li><li><a href=\"#Comparison_of_options\"><span class=\"toc_number toc_depth_2\">1.4<\/span> Vergleich der Optionen\n<\/a><\/li><li><a href=\"#Conclusion\"><span class=\"toc_number toc_depth_2\">1.5<\/span> Abschluss <\/a><\/li><\/ul><\/li><\/ul><\/div>\n<\/div>\n\t\t\t\t<\/div>\n\t\t\t\t<\/div>\n\t\t\t\t<div class=\"elementor-element elementor-element-71220a1 elementor-widget elementor-widget-heading\" data-id=\"71220a1\" data-element_type=\"widget\" data-widget_type=\"heading.default\">\n\t\t\t\t<div class=\"elementor-widget-container\">\n\t\t\t<h2 class=\"elementor-heading-title elementor-size-xl\"><span id=\"Ferries\">F\u00e4hren<\/span><\/h2>\t\t<\/div>\n\t\t\t\t<\/div>\n\t\t\t\t<div class=\"elementor-element elementor-element-b84f028 elementor-widget elementor-widget-text-editor\" data-id=\"b84f028\" data-element_type=\"widget\" data-widget_type=\"text-editor.default\">\n\t\t\t\t<div class=\"elementor-widget-container\">\n\t\t\t\t\t\t\t<p><span style=\"font-weight: 400;\">Jadrolinija bietet F\u00e4hrtransfers nach Kor\u010dula an und verbindet Split mit der gr\u00f6\u00dften Stadt der Insel, Vela Luka. Aufgrund von St\u00fcrmen und Wind sowie der L\u00e4nge der Fahrt (ca. drei Stunden) verz\u00f6gern F\u00e4hren h\u00e4ufig die Abfahrt oder fahren \u00fcberhaupt nicht ab.<\/span><\/p><p><b>Warnung:<\/b><span style=\"font-weight: 400;\"> Die Fahrt vom Flughafen Split zum Hafen von Split kann w\u00e4hrend der touristischen Sommersaison zwischen zwei und vier Stunden dauern. Anschlie\u00dfend m\u00fcssen Sie ein Ticket kaufen, auf das Schiff warten und drei Stunden bis zu Ihrem Ziel fahren. Die Gesamtreisezeit nach Vela Luka betr\u00e4gt mehr als sechs Stunden. Wenn Sie die Gesamtreisezeit auf 55 Minuten verk\u00fcrzen m\u00f6chten, <\/span><a href=\"https:\/\/dalmatia-express.com\/de\/\"><span style=\"font-weight: 400;\">kontaktiere uns.<\/span><\/a><\/p>\t\t\t\t\t\t<\/div>\n\t\t\t\t<\/div>\n\t\t\t\t<div class=\"elementor-element elementor-element-d1bf5f3 elementor-widget elementor-widget-heading\" data-id=\"d1bf5f3\" data-element_type=\"widget\" data-widget_type=\"heading.default\">\n\t\t\t\t<div class=\"elementor-widget-container\">\n\t\t\t<h3 class=\"elementor-heading-title elementor-size-default\"><span id=\"Split_to_Vela_Luka_Korcula_departure_arrival\">Split nach Vela Luka, Kor\u010dula (Abfahrt \u2013 Ankunft)\n\n<\/span><\/h3>\t\t<\/div>\n\t\t\t\t<\/div>\n\t\t\t\t<div class=\"elementor-element elementor-element-d362595 elementor-widget elementor-widget-text-editor\" data-id=\"d362595\" data-element_type=\"widget\" data-widget_type=\"text-editor.default\">\n\t\t\t\t<div class=\"elementor-widget-container\">\n\t\t\t\t\t\t\t<table><tbody><tr><td colspan=\"3\"><p><b>26.04.- 02.06 &amp; 03.10. \u2013 31.12.<\/b><\/p><\/td><td colspan=\"3\"><p><b>03.06. \u2013 02.10.<\/b><\/p><\/td><\/tr><tr><td colspan=\"3\"><p><b>Montag, Mittwoch und Donnerstag<\/b><\/p><\/td><td colspan=\"3\"><p><b>T\u00e4glich<\/b><\/p><\/td><\/tr><tr><td><p><span style=\"font-weight: 400;\">10:30<\/span><\/p><\/td><td><p><b>ICH<\/b><\/p><\/td><td><p><span style=\"font-weight: 400;\">14:00<\/span><\/p><\/td><td><p><span style=\"font-weight: 400;\">10:15<\/span><\/p><\/td><td><p><b>ICH<\/b><\/p><\/td><td><p><span style=\"font-weight: 400;\">13:15<\/span><\/p><\/td><\/tr><tr><td><p><span style=\"font-weight: 400;\">15:00<\/span><\/p><\/td><td><p><b>II<\/b><\/p><\/td><td><p><span style=\"font-weight: 400;\">17:40<\/span><\/p><\/td><td><p><span style=\"font-weight: 400;\">17:30<\/span><\/p><\/td><td><p><b>II<\/b><\/p><\/td><td><p><span style=\"font-weight: 400;\">20:30<\/span><\/p><\/td><\/tr><tr><td colspan=\"3\"><p><b>Dienstag<\/b><\/p><\/td><td colspan=\"3\"><p><span style=\"font-weight: 400;\">*Dienstags und donnerstags beginnt die Fahrt um 10:30 Uhr<\/span><\/p><\/td><\/tr><tr><td><p><span style=\"font-weight: 400;\">05:00<\/span><\/p><\/td><td><p><b>ICH<\/b><\/p><\/td><td><p><span style=\"font-weight: 400;\">08:30<\/span><\/p><\/td><\/tr><tr><td><p><span style=\"font-weight: 400;\">15:00<\/span><\/p><\/td><td><p><b>II<\/b><\/p><\/td><td><p><span style=\"font-weight: 400;\">17:40<\/span><\/p><\/td><\/tr><tr><td colspan=\"3\"><p><b>Freitag<\/b><\/p><\/td><\/tr><tr><td><p><span style=\"font-weight: 400;\">10:30<\/span><\/p><\/td><td><p><b>ICH<\/b><\/p><\/td><td><p><span style=\"font-weight: 400;\">14:00<\/span><\/p><\/td><\/tr><tr><td><p><span style=\"font-weight: 400;\">17:00<\/span><\/p><\/td><td><p><b>II<\/b><\/p><\/td><td><p><span style=\"font-weight: 400;\">19:40<\/span><\/p><\/td><\/tr><tr><td colspan=\"3\"><p><b>Samstag<\/b><\/p><\/td><\/tr><tr><td><p><span style=\"font-weight: 400;\">15:00<\/span><\/p><\/td><td><p><b>ICH<\/b><\/p><\/td><td><p><span style=\"font-weight: 400;\">17:40<\/span><\/p><\/td><\/tr><tr><td colspan=\"3\"><p><b>Sonntag<\/b><\/p><\/td><\/tr><tr><td><p><span style=\"font-weight: 400;\">18:00<\/span><\/p><\/td><td><p><b>ICH<\/b><\/p><\/td><td><p><span style=\"font-weight: 400;\">20:45<\/span><\/p><\/td><\/tr><\/tbody><\/table>\t\t\t\t\t\t<\/div>\n\t\t\t\t<\/div>\n\t\t\t\t<div class=\"elementor-element elementor-element-c69c28e elementor-widget elementor-widget-heading\" data-id=\"c69c28e\" data-element_type=\"widget\" data-widget_type=\"heading.default\">\n\t\t\t\t<div class=\"elementor-widget-container\">\n\t\t\t<h3 class=\"elementor-heading-title elementor-size-default\"><span id=\"Vela_Luka_Korcula_to_Split_departure_arrival\">Vela Luka, Kor\u010dula nach Split (Abfahrt \u2013 Ankunft)\n\n<\/span><\/h3>\t\t<\/div>\n\t\t\t\t<\/div>\n\t\t\t\t<div class=\"elementor-element elementor-element-6ed22eb elementor-widget elementor-widget-text-editor\" data-id=\"6ed22eb\" data-element_type=\"widget\" data-widget_type=\"text-editor.default\">\n\t\t\t\t<div class=\"elementor-widget-container\">\n\t\t\t\t\t\t\t<table><tbody><tr><td colspan=\"3\"><p><b>26.04.- 02.06 &amp; 03.10. \u2013 31.12.<\/b><\/p><\/td><td colspan=\"3\"><p><b>03.06. \u2013 02.10.<\/b><\/p><\/td><\/tr><tr><td colspan=\"3\"><p><b>Montag, Mittwoch, Donnerstag und Samstag<\/b><\/p><\/td><td colspan=\"3\"><p><b>T\u00e4glich<\/b><\/p><\/td><\/tr><tr><td><p><span style=\"font-weight: 400;\">06:15<\/span><\/p><\/td><td><p><b>ICH<\/b><\/p><\/td><td><p><span style=\"font-weight: 400;\">09:00<\/span><\/p><\/td><td><p><span style=\"font-weight: 400;\">06:15<\/span><\/p><\/td><td><p><b>ICH<\/b><\/p><\/td><td><p><span style=\"font-weight: 400;\">09:15<\/span><\/p><\/td><\/tr><tr><td><p><span style=\"font-weight: 400;\">15:00<\/span><\/p><\/td><td><p><b>II<\/b><\/p><\/td><td><p><span style=\"font-weight: 400;\">18:30<\/span><\/p><\/td><td><p><span style=\"font-weight: 400;\">13:45<\/span><\/p><\/td><td><p><b>II<\/b><\/p><\/td><td><p><span style=\"font-weight: 400;\">17:00<\/span><\/p><\/td><\/tr><tr><td colspan=\"3\"><p><b>Dienstag und Freitag<\/b><\/p><\/td><td colspan=\"3\"><p><span style=\"font-weight: 400;\">*Dienstags und donnerstags Abfahrt um 14:00 Uhr<\/span><\/p><\/td><\/tr><tr><td><p><span style=\"font-weight: 400;\">06:15<\/span><\/p><\/td><td><p><b>ICH<\/b><\/p><\/td><td><p><span style=\"font-weight: 400;\">09:00<\/span><\/p><\/td><\/tr><tr><td><p><span style=\"font-weight: 400;\">17:45<\/span><\/p><\/td><td><p><b>II<\/b><\/p><\/td><td><p><span style=\"font-weight: 400;\">21:15<\/span><\/p><\/td><\/tr><tr><td colspan=\"3\"><p><b>Sonntag<\/b><\/p><\/td><\/tr><tr><td><p><span style=\"font-weight: 400;\">14:30<\/span><\/p><\/td><td><p><b>ICH<\/b><\/p><\/td><td><p><span style=\"font-weight: 400;\">17:15<\/span><\/p><\/td><\/tr><\/tbody><\/table>\t\t\t\t\t\t<\/div>\n\t\t\t\t<\/div>\n\t\t\t\t<div class=\"elementor-element elementor-element-921413f elementor-widget elementor-widget-text-editor\" data-id=\"921413f\" data-element_type=\"widget\" data-widget_type=\"text-editor.default\">\n\t\t\t\t<div class=\"elementor-widget-container\">\n\t\t\t\t\t\t\t<h4><span id=\"Prices-_HRKE\"><i><span style=\"font-weight: 400;\">Preise: HRK\/\u20ac\u00a0<\/span><\/i><\/span><\/h4><table><tbody><tr><td>\u00a0<\/td><td><p><b>Au\u00dferhalb der Saison<\/b><\/p><p><b>26.04.- 02.06 &amp; 03.10. \u2013 31.12.<\/b><\/p><\/td><td><p><b>Saisonal\u00a0<\/b><\/p><\/td><\/tr><tr><td><p><b>Erwachsene<\/b><\/p><\/td><td><p><span style=\"font-weight: 400;\">54 \/ 7,15<\/span><\/p><\/td><td><p><span style=\"font-weight: 400;\">68 \/ 9<\/span><\/p><\/td><\/tr><tr><td><p><b>Kinder (3. bis 12. Jahr)<\/b><\/p><\/td><td><p><span style=\"font-weight: 400;\">27 \/ 3,60<\/span><\/p><\/td><td><p><span style=\"font-weight: 400;\">34 \/ 4,50<\/span><\/p><\/td><\/tr><tr><td><p><b>Fahrrad\u00a0<\/b><\/p><\/td><td><p><span style=\"font-weight: 400;\">54 \/ 7,15<\/span><\/p><\/td><td><p><span style=\"font-weight: 400;\">68 \/ 9<\/span><\/p><\/td><\/tr><tr><td><p><b>Auto\u00a0<\/b><\/p><\/td><td><p><span style=\"font-weight: 400;\">383 \/ 50,70<\/span><\/p><\/td><td><p><span style=\"font-weight: 400;\">486 \/ 65<\/span><\/p><\/td><\/tr><tr><td><p><b>Auto \u2013 l\u00e4nger als 5 m<\/b><\/p><\/td><td><p><span style=\"font-weight: 400;\">658 \/ 87,10<\/span><\/p><\/td><td><p><span style=\"font-weight: 400;\">836\/ 110,70<\/span><\/p><\/td><\/tr><tr><td><p><b>Motorrad\u00a0<\/b><\/p><\/td><td><p><span style=\"font-weight: 400;\">131 \/ 17,35<\/span><\/p><\/td><td><p><span style=\"font-weight: 400;\">163 \/ 21,60<\/span><\/p><\/td><\/tr><\/tbody><\/table><p><b>Verkaufsstellen:<\/b> <a href=\"https:\/\/www.jadrolinija.hr\/en\/ferry-croatia\" target=\"_blank\" rel=\"noopener\"><span style=\"font-weight: 400;\">online<\/span><\/a><span style=\"font-weight: 400;\"> oder unter der Adresse Gat Svetog Duje bb, 21000, Split (ge\u00f6ffnet von Montag bis Samstag von 5:30 bis 00:00 Uhr und sonntags von 7:00 bis 00:00 Uhr)<\/span><\/p>\t\t\t\t\t\t<\/div>\n\t\t\t\t<\/div>\n\t\t\t\t<div class=\"elementor-element elementor-element-caa225f elementor-widget elementor-widget-spacer\" data-id=\"caa225f\" data-element_type=\"widget\" data-widget_type=\"spacer.default\">\n\t\t\t\t<div class=\"elementor-widget-container\">\n\t\t\t<style>\/*! elementor - v3.6.6 - 08-06-2022 *\/\n.e-container.e-container--row .elementor-spacer-inner{width:var(--spacer-size)}.e-container.e-container--column .elementor-spacer-inner,.elementor-column .elementor-spacer-inner{height:var(--spacer-size)}<\/style>\t\t<div class=\"elementor-spacer\">\n\t\t\t<div class=\"elementor-spacer-inner\"><\/div>\n\t\t<\/div>\n\t\t\t\t<\/div>\n\t\t\t\t<\/div>\n\t\t\t\t<div class=\"elementor-element elementor-element-94c6583 elementor-widget elementor-widget-heading\" data-id=\"94c6583\" data-element_type=\"widget\" data-widget_type=\"heading.default\">\n\t\t\t\t<div class=\"elementor-widget-container\">\n\t\t\t<h2 class=\"elementor-heading-title elementor-size-default\"><span id=\"Catamarans\">Katamarane\n<\/span><\/h2>\t\t<\/div>\n\t\t\t\t<\/div>\n\t\t\t\t<div class=\"elementor-element elementor-element-ce12ce4 elementor-widget elementor-widget-text-editor\" data-id=\"ce12ce4\" data-element_type=\"widget\" data-widget_type=\"text-editor.default\">\n\t\t\t\t<div class=\"elementor-widget-container\">\n\t\t\t\t\t\t\t<p><span style=\"font-weight: 400;\">Katamarane sind sicherlich schneller als F\u00e4hren, aber sie fahren oft nur einmal am Tag und sind voller Menschen. Au\u00dferdem wird in den meisten F\u00e4llen eine Geb\u00fchr f\u00fcr das Gep\u00e4ck erhoben. Wenn Sie sich auf dem Weg zur Insel v\u00f6llig frei f\u00fchlen und Ihre eigene Ruhe haben m\u00f6chten, <\/span><a href=\"https:\/\/dalmatia-express.com\/de\/contact\/\"><span style=\"font-weight: 400;\">kontaktiere uns<\/span><\/a><span style=\"font-weight: 400;\">.<\/span><\/p>\t\t\t\t\t\t<\/div>\n\t\t\t\t<\/div>\n\t\t\t\t<div class=\"elementor-element elementor-element-32b9f34 elementor-widget elementor-widget-heading\" data-id=\"32b9f34\" data-element_type=\"widget\" data-widget_type=\"heading.default\">\n\t\t\t\t<div class=\"elementor-widget-container\">\n\t\t\t<h3 class=\"elementor-heading-title elementor-size-default\"><span id=\"Krilo\">Krilo <\/span><\/h3>\t\t<\/div>\n\t\t\t\t<\/div>\n\t\t\t\t<div class=\"elementor-element elementor-element-c03b4cf elementor-widget elementor-widget-text-editor\" data-id=\"c03b4cf\" data-element_type=\"widget\" data-widget_type=\"text-editor.default\">\n\t\t\t\t<div class=\"elementor-widget-container\">\n\t\t\t\t\t\t\t<h4><span id=\"Timetable\"><i><span style=\"font-weight: 400;\">Zeitplan<\/span><\/i><\/span><\/h4><h5><span id=\"Direct_line\"><span style=\"font-weight: 400;\">Direkte Linie<\/span><\/span><\/h5><table><tbody><tr><td colspan=\"3\"><p><b>03.06 \u2013 02.10.<\/b><\/p><\/td><\/tr><tr><td>\u00a0<\/td><td><p><b>Teilt<\/b><\/p><\/td><td><p><b>Kor\u010dula<\/b><\/p><\/td><\/tr><tr><td><p><b>T\u00e4glich\u00a0<\/b><\/p><\/td><td><p><span style=\"font-weight: 400;\">10:00<\/span><\/p><\/td><td><p><span style=\"font-weight: 400;\">13:00<\/span><\/p><\/td><\/tr><\/tbody><\/table><p>\u00a0<\/p><p><span style=\"font-weight: 400;\">Die einfache Fahrt dauert etwa zweieinhalb Stunden.<\/span><\/p>\t\t\t\t\t\t<\/div>\n\t\t\t\t<\/div>\n\t\t\t\t<div class=\"elementor-element elementor-element-ec39586 elementor-widget elementor-widget-heading\" data-id=\"ec39586\" data-element_type=\"widget\" data-widget_type=\"heading.default\">\n\t\t\t\t<div class=\"elementor-widget-container\">\n\t\t\t<h4 class=\"elementor-heading-title elementor-size-default\"><span id=\"Split_Milna_Korcula\">Split \u2013 Milna \u2013 Kor\u010dula\n<\/span><\/h4>\t\t<\/div>\n\t\t\t\t<\/div>\n\t\t\t\t<div class=\"elementor-element elementor-element-e8c3fb3 elementor-widget elementor-widget-text-editor\" data-id=\"e8c3fb3\" data-element_type=\"widget\" data-widget_type=\"text-editor.default\">\n\t\t\t\t<div class=\"elementor-widget-container\">\n\t\t\t\t\t\t\t<p><span style=\"font-weight: 400;\">Diese Linie verbindet Split mit Bra\u010d, Hvar, Kor\u010dula, Mljet und Dubrovnik.<\/span><\/p><table><tbody><tr><td><p><span style=\"font-weight: 400;\">T\u00e4glich<\/span><\/p><\/td><td><p><span style=\"font-weight: 400;\">01.04. \u2013 31.08.<\/span><\/p><\/td><td><p><span style=\"font-weight: 400;\">T\u00e4glich<\/span><\/p><\/td><\/tr><tr><td><p><span style=\"font-weight: 400;\">7:40<\/span><\/p><\/td><td><p><span style=\"font-weight: 400;\">Teilt<\/span><\/p><\/td><td><p><span style=\"font-weight: 400;\">20:55<\/span><\/p><\/td><\/tr><tr><td><p><span style=\"font-weight: 400;\">08:10<\/span><\/p><\/td><td><p><span style=\"font-weight: 400;\">Milna, Brac<\/span><\/p><\/td><td><p><span style=\"font-weight: 400;\">20:25<\/span><\/p><\/td><\/tr><tr><td><p><span style=\"font-weight: 400;\">08:40<\/span><\/p><\/td><td><p><span style=\"font-weight: 400;\">Stadt Hvar<\/span><\/p><\/td><td><p><span style=\"font-weight: 400;\">19:50<\/span><\/p><\/td><\/tr><tr><td><p><span style=\"font-weight: 400;\">10:10<\/span><\/p><\/td><td><p><span style=\"font-weight: 400;\">Kor\u010dula<\/span><\/p><\/td><td><p><span style=\"font-weight: 400;\">18:35<\/span><\/p><\/td><\/tr><tr><td><p><span style=\"font-weight: 400;\">10:45<\/span><\/p><\/td><td><p><span style=\"font-weight: 400;\">Pomena, Mljet<\/span><\/p><\/td><td><p><span style=\"font-weight: 400;\">17:50<\/span><\/p><\/td><\/tr><tr><td><p><span style=\"font-weight: 400;\">12:05<\/span><\/p><\/td><td><p><span style=\"font-weight: 400;\">Dubrovnik<\/span><\/p><\/td><td><p><span style=\"font-weight: 400;\">16:00<\/span><\/p><\/td><\/tr><\/tbody><\/table>\t\t\t\t\t\t<\/div>\n\t\t\t\t<\/div>\n\t\t\t\t<div class=\"elementor-element elementor-element-d97b378 elementor-widget elementor-widget-heading\" data-id=\"d97b378\" data-element_type=\"widget\" data-widget_type=\"heading.default\">\n\t\t\t\t<div class=\"elementor-widget-container\">\n\t\t\t<h4 class=\"elementor-heading-title elementor-size-default\"><span id=\"Split_Bol_Korcula\">Split \u2013 Bol \u2013 Kor\u010dula\n\n<\/span><\/h4>\t\t<\/div>\n\t\t\t\t<\/div>\n\t\t\t\t<div class=\"elementor-element elementor-element-463da63 elementor-widget elementor-widget-text-editor\" data-id=\"463da63\" data-element_type=\"widget\" data-widget_type=\"text-editor.default\">\n\t\t\t\t<div class=\"elementor-widget-container\">\n\t\t\t\t\t\t\t<p><span style=\"font-weight: 400;\">Sehr \u00e4hnlich zur vorherigen Linie, au\u00dfer dass das Schiff in Bol, Bra\u010d und Makarska statt in Milna und der Stadt Hvar h\u00e4lt.<\/span><\/p><table><tbody><tr><td><p><span style=\"font-weight: 400;\">T\u00e4glich<\/span><\/p><\/td><td><p><span style=\"font-weight: 400;\">03.06. \u2013 25.09.<\/span><\/p><\/td><td><p><span style=\"font-weight: 400;\">T\u00e4glich<\/span><\/p><\/td><\/tr><tr><td><p><span style=\"font-weight: 400;\">7:30<\/span><\/p><\/td><td><p><span style=\"font-weight: 400;\">Teilt<\/span><\/p><\/td><td><p><span style=\"font-weight: 400;\">20:45<\/span><\/p><\/td><\/tr><tr><td><p><span style=\"font-weight: 400;\">08:30<\/span><\/p><\/td><td><p><span style=\"font-weight: 400;\">Bol, Bra\u010d<\/span><\/p><\/td><td><p><span style=\"font-weight: 400;\">20:00<\/span><\/p><\/td><\/tr><tr><td><p><span style=\"font-weight: 400;\">09:15<\/span><\/p><\/td><td><p><span style=\"font-weight: 400;\">Makarska\u00a0<\/span><\/p><\/td><td><p><span style=\"font-weight: 400;\">19:15<\/span><\/p><\/td><\/tr><tr><td><p><span style=\"font-weight: 400;\">10:30<\/span><\/p><\/td><td><p><span style=\"font-weight: 400;\">Kor\u010dula<\/span><\/p><\/td><td><p><span style=\"font-weight: 400;\">17:55<\/span><\/p><\/td><\/tr><tr><td><p><span style=\"font-weight: 400;\">11:20<\/span><\/p><\/td><td><p><span style=\"font-weight: 400;\">Sobra, Mljet<\/span><\/p><\/td><td><p><span style=\"font-weight: 400;\">16:55<\/span><\/p><\/td><\/tr><tr><td><p><span style=\"font-weight: 400;\">12:15<\/span><\/p><\/td><td><p><span style=\"font-weight: 400;\">Dubrovnik<\/span><\/p><\/td><td><p><span style=\"font-weight: 400;\">16:00<\/span><\/p><\/td><\/tr><\/tbody><\/table><p>Das Anlegen ist auf zwei Seiten des Hafens von Kor\u010dula m\u00f6glich. Informieren Sie sich daher unbedingt eine halbe Stunde vor Abfahrt, wo genau Ihr Schiff sein wird!<\/p>\t\t\t\t\t\t<\/div>\n\t\t\t\t<\/div>\n\t\t\t\t<div class=\"elementor-element elementor-element-0557c86 elementor-widget elementor-widget-heading\" data-id=\"0557c86\" data-element_type=\"widget\" data-widget_type=\"heading.default\">\n\t\t\t\t<div class=\"elementor-widget-container\">\n\t\t\t<h4 class=\"elementor-heading-title elementor-size-default\"><span id=\"Prices\">Preise\n\n<\/span><\/h4>\t\t<\/div>\n\t\t\t\t<\/div>\n\t\t\t\t<div class=\"elementor-element elementor-element-8caf9b3 elementor-widget elementor-widget-text-editor\" data-id=\"8caf9b3\" data-element_type=\"widget\" data-widget_type=\"text-editor.default\">\n\t\t\t\t<div class=\"elementor-widget-container\">\n\t\t\t\t\t\t\t<p><span style=\"font-weight: 400;\">Der Preis f\u00fcr eine einfache Fahrt betr\u00e4gt 150,00 kn\/20 \u20ac.<\/span><\/p><p><span style=\"font-weight: 400;\">Verkaufsstellen : <\/span><a href=\"http:\/\/www.krilo.aktiva-info.hr\/\" target=\"_blank\" rel=\"noopener\"><span style=\"font-weight: 400;\">online<\/span><\/a><span style=\"font-weight: 400;\"> oder am Kiosk Kapetan Luka, <\/span><a href=\"https:\/\/goo.gl\/maps\/WwjZJv6ggXe7G1ye7\" target=\"_blank\" rel=\"noopener\"><span style=\"font-weight: 400;\">St. Peter&#039;s Pier<\/span><\/a><span style=\"font-weight: 400;\"> (Split) und <\/span><a href=\"https:\/\/goo.gl\/maps\/ezYYqAbNhxAmFFAR8\" target=\"_blank\" rel=\"noopener\"><span style=\"font-weight: 400;\">Fo\u0161a 1<\/span><\/a><span style=\"font-weight: 400;\"> (Korcula).<\/span><\/p>\t\t\t\t\t\t<\/div>\n\t\t\t\t<\/div>\n\t\t\t\t<div class=\"elementor-element elementor-element-3aacea5 elementor-widget elementor-widget-spacer\" data-id=\"3aacea5\" data-element_type=\"widget\" data-widget_type=\"spacer.default\">\n\t\t\t\t<div class=\"elementor-widget-container\">\n\t\t\t\t\t<div class=\"elementor-spacer\">\n\t\t\t<div class=\"elementor-spacer-inner\"><\/div>\n\t\t<\/div>\n\t\t\t\t<\/div>\n\t\t\t\t<\/div>\n\t\t\t\t<div class=\"elementor-element elementor-element-5e9289a elementor-widget elementor-widget-heading\" data-id=\"5e9289a\" data-element_type=\"widget\" data-widget_type=\"heading.default\">\n\t\t\t\t<div class=\"elementor-widget-container\">\n\t\t\t<h3 class=\"elementor-heading-title elementor-size-default\"><span id=\"TP_Line\">TP-Linie\n<\/span><\/h3>\t\t<\/div>\n\t\t\t\t<\/div>\n\t\t\t\t<div class=\"elementor-element elementor-element-176b7a7 elementor-widget elementor-widget-text-editor\" data-id=\"176b7a7\" data-element_type=\"widget\" data-widget_type=\"text-editor.default\">\n\t\t\t\t<div class=\"elementor-widget-container\">\n\t\t\t\t\t\t\t<h4><span id=\"Timetable-2\"><i><span style=\"font-weight: 400;\">Zeitplan<\/span><\/i><\/span><\/h4><table><tbody><tr><td colspan=\"3\"><p><b>30.05 \u2013 15.10.<\/b><\/p><\/td><\/tr><tr><td>\u00a0<\/td><td><p><b>Teilt<\/b><\/p><\/td><td><p><b>Kor\u010dula<\/b><\/p><\/td><\/tr><tr><td><p><b>T\u00e4glich\u00a0<\/b><\/p><\/td><td><p><span style=\"font-weight: 400;\">09:15<\/span><\/p><\/td><td><p><span style=\"font-weight: 400;\">17:40<\/span><\/p><\/td><\/tr><\/tbody><\/table><p>\u00a0<\/p><p><span style=\"font-weight: 400;\">Die TP-Linie verbindet Split w\u00e4hrend der Touristensaison mit der Stadt Kor\u010dula. Die einfache Fahrt dauert genau drei Stunden und beinhaltet Stopps in Milna, Bra\u010d und der Stadt Hvar.<\/span><\/p><h4><span id=\"Prices-2\"><i><span style=\"font-weight: 400;\">Preise\u00a0<\/span><\/i><\/span><\/h4><p><span style=\"font-weight: 400;\">Die einfache Fahrt kostet 150,00 kn\/20 \u20ac f\u00fcr alle.<\/span><\/p><p><span style=\"font-weight: 400;\">Verkaufsstellen: <\/span><a href=\"https:\/\/www.tp-line.hr\/en\/\" target=\"_blank\" rel=\"noopener\"><span style=\"font-weight: 400;\">online<\/span><\/a><\/p>\t\t\t\t\t\t<\/div>\n\t\t\t\t<\/div>\n\t\t\t\t<div class=\"elementor-element elementor-element-c3cb42a elementor-widget elementor-widget-spacer\" data-id=\"c3cb42a\" data-element_type=\"widget\" data-widget_type=\"spacer.default\">\n\t\t\t\t<div class=\"elementor-widget-container\">\n\t\t\t\t\t<div class=\"elementor-spacer\">\n\t\t\t<div class=\"elementor-spacer-inner\"><\/div>\n\t\t<\/div>\n\t\t\t\t<\/div>\n\t\t\t\t<\/div>\n\t\t\t\t<div class=\"elementor-element elementor-element-0d25257 elementor-widget elementor-widget-heading\" data-id=\"0d25257\" data-element_type=\"widget\" data-widget_type=\"heading.default\">\n\t\t\t\t<div class=\"elementor-widget-container\">\n\t\t\t<h3 class=\"elementor-heading-title elementor-size-default\"><span id=\"Jadrolinija\">Jadrolinija<\/span><\/h3>\t\t<\/div>\n\t\t\t\t<\/div>\n\t\t\t\t<div class=\"elementor-element elementor-element-9976d4d elementor-widget elementor-widget-text-editor\" data-id=\"9976d4d\" data-element_type=\"widget\" data-widget_type=\"text-editor.default\">\n\t\t\t\t<div class=\"elementor-widget-container\">\n\t\t\t\t\t\t\t<h4><span id=\"Timetable-3\"><i><span style=\"font-weight: 400;\">Zeitplan<\/span><\/i><\/span><\/h4><table><tbody><tr><td colspan=\"3\"><p><b>01.01. \u2013 02.06. &amp; 03.10. \u2013 31.12<\/b><\/p><\/td><td colspan=\"2\"><p><b>03.06. &#8211; 02.10.<\/b><\/p><\/td><\/tr><tr><td>\u00a0<\/td><td><p><b>Teilt<\/b><\/p><\/td><td><p><b>Vela Luka<\/b><\/p><\/td><td><p><b>Teilt<\/b><\/p><\/td><td><p><b>Vela Luka<\/b><\/p><\/td><\/tr><tr><td><p><b>Mo-Fr<\/b><\/p><\/td><td><p><span style=\"font-weight: 400;\">14:00<\/span><\/p><\/td><td><p><span style=\"font-weight: 400;\">05:30<\/span><\/p><\/td><td><p><span style=\"font-weight: 400;\">15:00<\/span><\/p><\/td><td><p><span style=\"font-weight: 400;\">05:30<\/span><\/p><\/td><\/tr><tr><td><p><b>Sonn- und Feiertage<\/b><\/p><\/td><td><p><span style=\"font-weight: 400;\">14:00<\/span><\/p><\/td><td><p><span style=\"font-weight: 400;\">08:05<\/span><\/p><\/td><td><p><span style=\"font-weight: 400;\">15:00<\/span><\/p><\/td><td><p><span style=\"font-weight: 400;\">08:05<\/span><\/p><\/td><\/tr><\/tbody><\/table><p>\u00a0<\/p><p><span style=\"font-weight: 400;\">Diese Linie verbindet Split mit der Insel Lastovo, Kor\u010dula und Hvar, sodass die gesamte Fahrt dreieinhalb Stunden dauert. Die Fahrt von Split nach Kor\u010dula und umgekehrt dauert etwas k\u00fcrzer, etwa zweieinhalb Stunden.<\/span><\/p><h4><span id=\"Prices-3\"><i><span style=\"font-weight: 400;\">Preise\u00a0\u00a0<\/span><\/i><\/span><\/h4><p><span style=\"font-weight: 400;\">Der Ticketpreis au\u00dferhalb der Saison betr\u00e4gt 59,00 kn\/7,80 \u20ac und 78,00 kn\/10,40 \u20ac w\u00e4hrend der Saison (03.06. \u2013 02.10.). Der Preis f\u00fcr Kinder von 3 bis 12 Jahren betr\u00e4gt 37,00 kn\/4,90 \u20ac.<\/span><\/p><p><b>Verkaufsstellen:<\/b> <a href=\"https:\/\/www.jadrolinija.hr\/en\/ferry-croatia\" target=\"_blank\" rel=\"noopener\"><span style=\"font-weight: 400;\">online<\/span><\/a><span style=\"font-weight: 400;\"> oder unter der Adresse Gat Svetog Duje bb, 21000, Split (ge\u00f6ffnet von Montag bis Samstag von 5:30 bis 00:00 Uhr und sonntags von 7:00 bis 00:00 Uhr)<\/span><\/p>\t\t\t\t\t\t<\/div>\n\t\t\t\t<\/div>\n\t\t\t\t<div class=\"elementor-element elementor-element-6167826 elementor-widget elementor-widget-spacer\" data-id=\"6167826\" data-element_type=\"widget\" data-widget_type=\"spacer.default\">\n\t\t\t\t<div class=\"elementor-widget-container\">\n\t\t\t\t\t<div class=\"elementor-spacer\">\n\t\t\t<div class=\"elementor-spacer-inner\"><\/div>\n\t\t<\/div>\n\t\t\t\t<\/div>\n\t\t\t\t<\/div>\n\t\t\t\t<div class=\"elementor-element elementor-element-a08bbf9 elementor-widget elementor-widget-heading\" data-id=\"a08bbf9\" data-element_type=\"widget\" data-widget_type=\"heading.default\">\n\t\t\t\t<div class=\"elementor-widget-container\">\n\t\t\t<h2 class=\"elementor-heading-title elementor-size-default\"><span id=\"Private_boat_taxi\">Privates Bootstaxi\n<\/span><\/h2>\t\t<\/div>\n\t\t\t\t<\/div>\n\t\t\t\t<div class=\"elementor-element elementor-element-812bbde elementor-widget elementor-widget-text-editor\" data-id=\"812bbde\" data-element_type=\"widget\" data-widget_type=\"text-editor.default\">\n\t\t\t\t<div class=\"elementor-widget-container\">\n\t\t\t\t\t\t\t<p><span style=\"font-weight: 400;\">Der bequemste und schnellste Weg zur Insel ist a <\/span><a href=\"https:\/\/dalmatia-express.com\/de\/\"><span style=\"font-weight: 400;\">privates Bootstaxi<\/span><\/a><span style=\"font-weight: 400;\">. Sie m\u00fcssen sich keine Gedanken \u00fcber die Busse auf der Insel oder die F\u00e4hre machen, die Sie nehmen m\u00fcssen, da Sie mit dem Taxi so nah wie m\u00f6glich an Ihre Unterkunft gelangen. Au\u00dferdem ist es ein tolles Erlebnis, von den Meerestropfen bespritzt zu werden. Verschwenden Sie Ihre Zeit nicht mit stundenlangen Fahrten mit der F\u00e4hre und beginnen Sie Ihre Kor\u010dula-Reise so schnell wie m\u00f6glich!\u00a0<\/span><\/p>\t\t\t\t\t\t<\/div>\n\t\t\t\t<\/div>\n\t\t\t\t<div class=\"elementor-element elementor-element-25e30ad elementor-widget elementor-widget-spacer\" data-id=\"25e30ad\" data-element_type=\"widget\" data-widget_type=\"spacer.default\">\n\t\t\t\t<div class=\"elementor-widget-container\">\n\t\t\t\t\t<div class=\"elementor-spacer\">\n\t\t\t<div class=\"elementor-spacer-inner\"><\/div>\n\t\t<\/div>\n\t\t\t\t<\/div>\n\t\t\t\t<\/div>\n\t\t\t\t<div class=\"elementor-element elementor-element-a1f0d07 elementor-widget elementor-widget-heading\" data-id=\"a1f0d07\" data-element_type=\"widget\" data-widget_type=\"heading.default\">\n\t\t\t\t<div class=\"elementor-widget-container\">\n\t\t\t<h2 class=\"elementor-heading-title elementor-size-default\"><span id=\"Comparison_of_options\">Vergleich der Optionen\n<\/span><\/h2>\t\t<\/div>\n\t\t\t\t<\/div>\n\t\t\t\t<div class=\"elementor-element elementor-element-90b0623 elementor-widget elementor-widget-text-editor\" data-id=\"90b0623\" data-element_type=\"widget\" data-widget_type=\"text-editor.default\">\n\t\t\t\t<div class=\"elementor-widget-container\">\n\t\t\t\t\t\t\t<span style=\"font-weight: 400;\">Die Bewertungen, Preise und Reisezeiten basieren auf der touristischen Sommersaison in Dalmatien. Bewertet von 1\u201310 (1 \u2013 am schlechtesten, 3 \u2013 schlecht, 5 \u2013 nicht schlecht, 6 \u2013 gut, 8 \u2013 sehr gut, 10 \u2013 extrem gut)<\/span>\n<table>\n<tbody>\n<tr>\n<td><\/td>\n<td><span style=\"font-weight: 400;\">F\u00e4hre\u00a0<\/span><\/td>\n<td><span style=\"font-weight: 400;\">Katamaran\u00a0<\/span><\/td>\n<td><span style=\"font-weight: 400;\">Privates Bootstaxi<\/span><\/td>\n<\/tr>\n<tr>\n<td><span style=\"font-weight: 400;\">Durchschnittliche Reisezeit<\/span><\/td>\n<td><span style=\"font-weight: 400;\">3,5 Stunden<\/span><\/td>\n<td><span style=\"font-weight: 400;\">2,5 Stunden<\/span><\/td>\n<td><span style=\"font-weight: 400;\">1 Stunde 20 Minuten<\/span><\/td>\n<\/tr>\n<tr>\n<td><span style=\"font-weight: 400;\">Komfort<\/span><\/td>\n<td><span style=\"font-weight: 400;\">6<\/span><\/td>\n<td><span style=\"font-weight: 400;\">5<\/span><\/td>\n<td><span style=\"font-weight: 400;\">8<\/span><\/td>\n<\/tr>\n<tr>\n<td><span style=\"font-weight: 400;\">Preis f\u00fcr Einzelpersonen<\/span><\/td>\n<td><span style=\"font-weight: 400;\">8<\/span><\/td>\n<td><span style=\"font-weight: 400;\">8<\/span><\/td>\n<td><span style=\"font-weight: 400;\">2<\/span><\/td>\n<\/tr>\n<tr>\n<td><span style=\"font-weight: 400;\">Preis f\u00fcr Gruppen<\/span><\/td>\n<td><span style=\"font-weight: 400;\">5<\/span><\/td>\n<td><span style=\"font-weight: 400;\">4<\/span><\/td>\n<td><span style=\"font-weight: 400;\">8<\/span><\/td>\n<\/tr>\n<tr>\n<td><span style=\"font-weight: 400;\">Gesamtbewertung<\/span><\/td>\n<td><span style=\"font-weight: 400;\">4,5<\/span><\/td>\n<td><span style=\"font-weight: 400;\">5<\/span><\/td>\n<td><span style=\"font-weight: 400;\">7,2<\/span><\/td>\n<\/tr>\n<tr>\n<td><span style=\"font-weight: 400;\">Buch<\/span><\/td>\n<td><a><button> Mehr erfahren <\/button><\/a><\/td>\n<td><a><button> Mehr erfahren <\/button><\/a><\/td>\n<td><a><button> Jetzt buchen <\/button><\/a><\/td>\n<\/tr>\n<\/tbody>\n<\/table>\t\t\t\t\t\t<\/div>\n\t\t\t\t<\/div>\n\t\t\t\t<div class=\"elementor-element elementor-element-c201476 elementor-widget elementor-widget-spacer\" data-id=\"c201476\" data-element_type=\"widget\" data-widget_type=\"spacer.default\">\n\t\t\t\t<div class=\"elementor-widget-container\">\n\t\t\t\t\t<div class=\"elementor-spacer\">\n\t\t\t<div class=\"elementor-spacer-inner\"><\/div>\n\t\t<\/div>\n\t\t\t\t<\/div>\n\t\t\t\t<\/div>\n\t\t\t\t<div class=\"elementor-element elementor-element-10f2aba elementor-widget elementor-widget-heading\" data-id=\"10f2aba\" data-element_type=\"widget\" data-widget_type=\"heading.default\">\n\t\t\t\t<div class=\"elementor-widget-container\">\n\t\t\t<h2 class=\"elementor-heading-title elementor-size-default\"><span id=\"Conclusion\">Abschluss <\/span><\/h2>\t\t<\/div>\n\t\t\t\t<\/div>\n\t\t\t\t<div class=\"elementor-element elementor-element-971287a elementor-widget elementor-widget-text-editor\" data-id=\"971287a\" data-element_type=\"widget\" data-widget_type=\"text-editor.default\">\n\t\t\t\t<div class=\"elementor-widget-container\">\n\t\t\t\t\t\t\t<p><span style=\"font-weight: 400;\">Wenn Sie w\u00e4hrend der Touristensaison von Split nach Kor\u010dula reisen, haben Sie viele M\u00f6glichkeiten, Dalmatien auf Ihre eigene Art zu erleben.<\/span><\/p><p><b>F\u00e4hren<\/b><span style=\"font-weight: 400;\"> sind die beste Option, wenn Sie mit einem Auto oder einer gr\u00f6\u00dferen Menge Gep\u00e4ck reisen. Die F\u00e4hrfahrten dauern am l\u00e4ngsten, aber Sie k\u00f6nnen herumlaufen, etwas trinken und die Aussicht genie\u00dfen.\u00a0<\/span><\/p><p><b>Katamarane<\/b><span style=\"font-weight: 400;\"> bieten viel k\u00fcrzere Reisezeiten, aber es mangelt ihnen an Komfort und Platz. In den meisten F\u00e4llen m\u00fcssen Sie durch das ganze Segel sitzen, was die M\u00f6glichkeit ausschlie\u00dft, die Brise \u00fcber den Wellen zu sp\u00fcren. Es ist jedoch die beste Option f\u00fcr Einzelpersonen. Gep\u00e4ck wird zus\u00e4tzlich berechnet.<\/span><\/p><p><b>Privatboot<\/b> <b>Taxi<\/b><span style=\"font-weight: 400;\"> Sollte Ihre erste Wahl sein, wenn Sie in einer gr\u00f6\u00dferen Gruppe reisen. Wenn Sie ein privates Taxiboot mieten, k\u00f6nnen Sie Zeit sparen (ca. f\u00fcnf Stunden), ohne auf Komfort oder Spa\u00df verzichten zu m\u00fcssen. Aus finanzieller Sicht ist dies die beste Option, da der Preis unabh\u00e4ngig von der Anzahl der Passagiere gleich bleibt.<\/span><\/p>\t\t\t\t\t\t<\/div>\n\t\t\t\t<\/div>\n\t\t\t\t\t<\/div>\n\t\t<\/div>\n\t\t\t\t\t\t\t<\/div>\n\t\t<\/section>\n\t\t\t\t\t\t\t<\/div>","protected":false},"excerpt":{"rendered":"<p>Von Split nach Kor\u010dula \u2013 Alles, was Sie wissen m\u00fcssenInhaltsverzeichnis1 Von Split nach Kor\u010dula \u2013 Alles, was Sie wissen m\u00fcssen1.1 F\u00e4hren1.1.1 Split nach Vela Luka, Kor\u010dula (Abfahrt \u2013 Ankunft) 1.1.2 Vela Luka, Kor\u010dula nach Split (Abfahrt \u2013 Ankunft) 1.1.2.1 Preise \u2013 HRK\/\u20ac 1.2 Katamarane 1.2.1 Krilo 1.2.1.1 Fahrplan1.2.1.1.1 Direktverbindung1.2.1.2 Split \u2013 Milna \u2013 Kor\u010dula [\u2026]<\/p>","protected":false},"author":1,"featured_media":0,"comment_status":"closed","ping_status":"closed","sticky":false,"template":"elementor_theme","format":"standard","meta":{"footnotes":""},"categories":[5],"tags":[45,46,44],"class_list":["post-4968","post","type-post","status-publish","format-standard","hentry","category-blog","tag-reviews","tag-transportation","tag-travel-guides"],"_links":{"self":[{"href":"https:\/\/dalmatia-express.com\/de\/wp-json\/wp\/v2\/posts\/4968","targetHints":{"allow":["GET"]}}],"collection":[{"href":"https:\/\/dalmatia-express.com\/de\/wp-json\/wp\/v2\/posts"}],"about":[{"href":"https:\/\/dalmatia-express.com\/de\/wp-json\/wp\/v2\/types\/post"}],"author":[{"embeddable":true,"href":"https:\/\/dalmatia-express.com\/de\/wp-json\/wp\/v2\/users\/1"}],"replies":[{"embeddable":true,"href":"https:\/\/dalmatia-express.com\/de\/wp-json\/wp\/v2\/comments?post=4968"}],"version-history":[{"count":4,"href":"https:\/\/dalmatia-express.com\/de\/wp-json\/wp\/v2\/posts\/4968\/revisions"}],"predecessor-version":[{"id":4972,"href":"https:\/\/dalmatia-express.com\/de\/wp-json\/wp\/v2\/posts\/4968\/revisions\/4972"}],"wp:attachment":[{"href":"https:\/\/dalmatia-express.com\/de\/wp-json\/wp\/v2\/media?parent=4968"}],"wp:term":[{"taxonomy":"category","embeddable":true,"href":"https:\/\/dalmatia-express.com\/de\/wp-json\/wp\/v2\/categories?post=4968"},{"taxonomy":"post_tag","embeddable":true,"href":"https:\/\/dalmatia-express.com\/de\/wp-json\/wp\/v2\/tags?post=4968"}],"curies":[{"name":"wp","href":"https:\/\/api.w.org\/{rel}","templated":true}]}}