{"id":4622,"date":"2022-07-13T09:21:10","date_gmt":"2022-07-13T09:21:10","guid":{"rendered":"https:\/\/dalmatia-express.com\/?p=4622"},"modified":"2025-06-01T15:28:30","modified_gmt":"2025-06-01T15:28:30","slug":"stari-grad-complete-guide","status":"publish","type":"post","link":"https:\/\/dalmatia-express.com\/pt\/blog\/stari-grad-complete-guide\/","title":{"rendered":"Stari Grad, Cro\u00e1cia \u2013 um guia completo"},"content":{"rendered":"<div data-elementor-type=\"wp-post\" data-elementor-id=\"4622\" class=\"elementor elementor-4622\">\n\t\t\t\t\t\t\t\t\t<section class=\"elementor-section elementor-top-section elementor-element elementor-element-ca51cac elementor-section-boxed elementor-section-height-default elementor-section-height-default\" data-id=\"ca51cac\" data-element_type=\"section\">\n\t\t\t\t\t\t<div class=\"elementor-container elementor-column-gap-default\">\n\t\t\t\t\t<div class=\"elementor-column elementor-col-100 elementor-top-column elementor-element elementor-element-b41646f\" data-id=\"b41646f\" data-element_type=\"column\">\n\t\t\t<div class=\"elementor-widget-wrap elementor-element-populated\">\n\t\t\t\t\t\t\t\t<div class=\"elementor-element elementor-element-a231f7e elementor-widget elementor-widget-image\" data-id=\"a231f7e\" data-element_type=\"widget\" data-widget_type=\"image.default\">\n\t\t\t\t<div class=\"elementor-widget-container\">\n\t\t\t<style>\/*! elementor - v3.6.6 - 08-06-2022 *\/\n.elementor-widget-image{text-align:center}.elementor-widget-image a{display:inline-block}.elementor-widget-image a img[src$=\".svg\"]{width:48px}.elementor-widget-image img{vertical-align:middle;display:inline-block}<\/style>\t\t\t\t\t\t\t\t\t\t\t\t<img loading=\"lazy\" decoding=\"async\" width=\"1000\" height=\"627\" src=\"https:\/\/dalmatia-express.com\/wp-content\/uploads\/2022\/04\/Stari-Grad-Aerial-Photography.webp\" class=\"attachment-full size-full\" alt=\"Stari Grad Fotografia A\u00e9rea\" srcset=\"https:\/\/dalmatia-express.com\/wp-content\/uploads\/2022\/04\/Stari-Grad-Aerial-Photography.webp 1000w, https:\/\/dalmatia-express.com\/wp-content\/uploads\/2022\/04\/Stari-Grad-Aerial-Photography-300x188.webp 300w, https:\/\/dalmatia-express.com\/wp-content\/uploads\/2022\/04\/Stari-Grad-Aerial-Photography-768x482.webp 768w\" sizes=\"auto, (max-width: 1000px) 100vw, 1000px\" \/>\t\t\t\t\t\t\t\t\t\t\t\t\t\t\t<\/div>\n\t\t\t\t<\/div>\n\t\t\t\t<div class=\"elementor-element elementor-element-354de42 elementor-widget elementor-widget-heading\" data-id=\"354de42\" data-element_type=\"widget\" data-widget_type=\"heading.default\">\n\t\t\t\t<div class=\"elementor-widget-container\">\n\t\t\t<style>\/*! elementor - v3.6.6 - 08-06-2022 *\/\n.elementor-heading-title{padding:0;margin:0;line-height:1}.elementor-widget-heading .elementor-heading-title[class*=elementor-size-]>a{color:inherit;font-size:inherit;line-height:inherit}.elementor-widget-heading .elementor-heading-title.elementor-size-small{font-size:15px}.elementor-widget-heading .elementor-heading-title.elementor-size-medium{font-size:19px}.elementor-widget-heading .elementor-heading-title.elementor-size-large{font-size:29px}.elementor-widget-heading .elementor-heading-title.elementor-size-xl{font-size:39px}.elementor-widget-heading .elementor-heading-title.elementor-size-xxl{font-size:59px}<\/style><h1 class=\"elementor-heading-title elementor-size-default\"><span id=\"Stari_Grad_Croatia_-_a_Complete_Guide\">Stari Grad, Cro\u00e1cia - um guia completo<\/span><\/h1>\t\t<\/div>\n\t\t\t\t<\/div>\n\t\t\t\t<div class=\"elementor-element elementor-element-d38b0e5 elementor-widget elementor-widget-text-editor\" data-id=\"d38b0e5\" data-element_type=\"widget\" data-widget_type=\"text-editor.default\">\n\t\t\t\t<div class=\"elementor-widget-container\">\n\t\t\t<style>\/*! elementor - v3.6.6 - 08-06-2022 *\/\n.elementor-widget-text-editor.elementor-drop-cap-view-stacked .elementor-drop-cap{background-color:#818a91;color:#fff}.elementor-widget-text-editor.elementor-drop-cap-view-framed .elementor-drop-cap{color:#818a91;border:3px solid;background-color:transparent}.elementor-widget-text-editor:not(.elementor-drop-cap-view-default) .elementor-drop-cap{margin-top:8px}.elementor-widget-text-editor:not(.elementor-drop-cap-view-default) .elementor-drop-cap-letter{width:1em;height:1em}.elementor-widget-text-editor .elementor-drop-cap{float:left;text-align:center;line-height:1;font-size:50px}.elementor-widget-text-editor .elementor-drop-cap-letter{display:inline-block}<\/style>\t\t\t\t<i><span style=\"font-weight: 400; font-size: 28px;\">Tudo o que voc\u00ea pode fazer e muito mais<\/span><\/i>\t\t\t\t\t\t<\/div>\n\t\t\t\t<\/div>\n\t\t\t\t<div class=\"elementor-element elementor-element-3207171 elementor-widget-divider--view-line elementor-widget elementor-widget-divider\" data-id=\"3207171\" data-element_type=\"widget\" data-widget_type=\"divider.default\">\n\t\t\t\t<div class=\"elementor-widget-container\">\n\t\t\t<style>\/*! elementor - v3.6.6 - 08-06-2022 *\/\n.elementor-widget-divider{--divider-border-style:none;--divider-border-width:1px;--divider-color:#2c2c2c;--divider-icon-size:20px;--divider-element-spacing:10px;--divider-pattern-height:24px;--divider-pattern-size:20px;--divider-pattern-url:none;--divider-pattern-repeat:repeat-x}.elementor-widget-divider .elementor-divider{display:-webkit-box;display:-ms-flexbox;display:flex}.elementor-widget-divider .elementor-divider__text{font-size:15px;line-height:1;max-width:95%}.elementor-widget-divider .elementor-divider__element{margin:0 var(--divider-element-spacing);-ms-flex-negative:0;flex-shrink:0}.elementor-widget-divider .elementor-icon{font-size:var(--divider-icon-size)}.elementor-widget-divider .elementor-divider-separator{display:-webkit-box;display:-ms-flexbox;display:flex;margin:0;direction:ltr}.elementor-widget-divider--view-line_icon .elementor-divider-separator,.elementor-widget-divider--view-line_text .elementor-divider-separator{-webkit-box-align:center;-ms-flex-align:center;align-items:center}.elementor-widget-divider--view-line_icon .elementor-divider-separator:after,.elementor-widget-divider--view-line_icon .elementor-divider-separator:before,.elementor-widget-divider--view-line_text .elementor-divider-separator:after,.elementor-widget-divider--view-line_text .elementor-divider-separator:before{display:block;content:\"\";border-bottom:0;-webkit-box-flex:1;-ms-flex-positive:1;flex-grow:1;border-top:var(--divider-border-width) var(--divider-border-style) var(--divider-color)}.elementor-widget-divider--element-align-left .elementor-divider .elementor-divider-separator>.elementor-divider__svg:first-of-type{-webkit-box-flex:0;-ms-flex-positive:0;flex-grow:0;-ms-flex-negative:100;flex-shrink:100}.elementor-widget-divider--element-align-left .elementor-divider-separator:before{content:none}.elementor-widget-divider--element-align-left .elementor-divider__element{margin-left:0}.elementor-widget-divider--element-align-right .elementor-divider .elementor-divider-separator>.elementor-divider__svg:last-of-type{-webkit-box-flex:0;-ms-flex-positive:0;flex-grow:0;-ms-flex-negative:100;flex-shrink:100}.elementor-widget-divider--element-align-right .elementor-divider-separator:after{content:none}.elementor-widget-divider--element-align-right .elementor-divider__element{margin-right:0}.elementor-widget-divider:not(.elementor-widget-divider--view-line_text):not(.elementor-widget-divider--view-line_icon) .elementor-divider-separator{border-top:var(--divider-border-width) var(--divider-border-style) var(--divider-color)}.elementor-widget-divider--separator-type-pattern{--divider-border-style:none}.elementor-widget-divider--separator-type-pattern.elementor-widget-divider--view-line .elementor-divider-separator,.elementor-widget-divider--separator-type-pattern:not(.elementor-widget-divider--view-line) .elementor-divider-separator:after,.elementor-widget-divider--separator-type-pattern:not(.elementor-widget-divider--view-line) .elementor-divider-separator:before,.elementor-widget-divider--separator-type-pattern:not([class*=elementor-widget-divider--view]) .elementor-divider-separator{width:100%;min-height:var(--divider-pattern-height);-webkit-mask-size:var(--divider-pattern-size) 100%;mask-size:var(--divider-pattern-size) 100%;-webkit-mask-repeat:var(--divider-pattern-repeat);mask-repeat:var(--divider-pattern-repeat);background-color:var(--divider-color);-webkit-mask-image:var(--divider-pattern-url);mask-image:var(--divider-pattern-url)}.elementor-widget-divider--no-spacing{--divider-pattern-size:auto}.elementor-widget-divider--bg-round{--divider-pattern-repeat:round}.rtl .elementor-widget-divider .elementor-divider__text{direction:rtl}<\/style>\t\t<div class=\"elementor-divider\">\n\t\t\t<span class=\"elementor-divider-separator\">\n\t\t\t\t\t\t<\/span>\n\t\t<\/div>\n\t\t\t\t<\/div>\n\t\t\t\t<\/div>\n\t\t\t\t<div class=\"elementor-element elementor-element-36a97f0 elementor-widget elementor-widget-text-editor\" data-id=\"36a97f0\" data-element_type=\"widget\" data-widget_type=\"text-editor.default\">\n\t\t\t\t<div class=\"elementor-widget-container\">\n\t\t\t\t\t\t\t<p>Stari Grad, localizada na costa noroeste de Hvar, que significa literalmente &quot;Cidade Velha&quot;, \u00e9 a cidade mais antiga da Cro\u00e1cia, com uma rica hist\u00f3ria que abrange mais de 2.400 anos. Esta joia hist\u00f3rica \u00e9 famosa por suas ru\u00ednas romanas e gregas, mas oferece muito mais do que apenas s\u00edtios arqueol\u00f3gicos. Com suas charmosas ruas estreitas, impressionante patrim\u00f4nio cultural e fascinantes marcos hist\u00f3ricos, Stari Grad \u00e9 um verdadeiro destino para entusiastas de hist\u00f3ria e cultura. Al\u00e9m de suas atra\u00e7\u00f5es culturais, Stari Grad tamb\u00e9m ostenta belas praias, restaurantes de primeira linha e uma vibrante programa\u00e7\u00e3o de atividades, shows e eventos durante todo o ver\u00e3o. Seja voc\u00ea f\u00e3 de hist\u00f3ria, gastronomia, natureza ou vida noturna, Stari Grad, em Hvar, promete uma experi\u00eancia inesquec\u00edvel. Prepare-se para explorar esta cidade encantadora e aproveitar tudo o que ela tem a oferecer!<\/p>\t\t\t\t\t\t<\/div>\n\t\t\t\t<\/div>\n\t\t\t\t<div class=\"elementor-element elementor-element-9f1f5e4 elementor-widget elementor-widget-shortcode\" data-id=\"9f1f5e4\" data-element_type=\"widget\" data-widget_type=\"shortcode.default\">\n\t\t\t\t<div class=\"elementor-widget-container\">\n\t\t\t\t\t<div class=\"elementor-shortcode\"><div id=\"toc_container\" class=\"no_bullets\"><p class=\"toc_title\">\u00cdndice<\/p><ul class=\"toc_list\"><li><a href=\"#Stari_Grad_Croatia_-_a_Complete_Guide\"><span class=\"toc_number toc_depth_1\">1<\/span> Stari Grad, Cro\u00e1cia - um guia completo<\/a><ul><li><a href=\"#How_to_reach_it\"><span class=\"toc_number toc_depth_2\">1.1<\/span> Como alcan\u00e7\u00e1-lo?\n<\/a><\/li><li><a href=\"#What_to_see\"><span class=\"toc_number toc_depth_2\">1.2<\/span> O que ver\n<\/a><ul><li><a href=\"#Drywalls_of_Stari_Grad\"><span class=\"toc_number toc_depth_3\">1.2.1<\/span> Drywalls de Stari Grad<\/a><\/li><li><a href=\"#Klapa_singing\"><span class=\"toc_number toc_depth_3\">1.2.2<\/span> Klapa cantando<\/a><\/li><li><a href=\"#Za_krizen_procession\"><span class=\"toc_number toc_depth_3\">1.2.3<\/span> Prociss\u00e3o \u201cZa kri\u017een\u201d\n<\/a><\/li><li><a href=\"#Tvrdalj\"><span class=\"toc_number toc_depth_3\">1.2.4<\/span> Tvrdalj \n<\/a><\/li><li><a href=\"#St_Stephen_church\"><span class=\"toc_number toc_depth_3\">1.2.5<\/span> Igreja de Santo Est\u00eav\u00e3o\n<\/a><\/li><\/ul><\/li><li><a href=\"#Museums_and_galleries\"><span class=\"toc_number toc_depth_2\">1.3<\/span> Museus e galerias\n<\/a><ul><li><a href=\"#Museum_of_Stari_Grad\"><span class=\"toc_number toc_depth_3\">1.3.1<\/span> Museu de Stari Grad\n<\/a><\/li><li><a href=\"#Collection_in_Tvrdalj\"><span class=\"toc_number toc_depth_3\">1.3.2<\/span> Cole\u00e7\u00e3o em Tvrdalj\n<\/a><\/li><li><a href=\"#Art_collection_of_Dominican_Monastery\"><span class=\"toc_number toc_depth_3\">1.3.3<\/span> Cole\u00e7\u00e3o de arte do mosteiro dominicano\n<\/a><\/li><li><a href=\"#Gallery_Fantazam\"><span class=\"toc_number toc_depth_3\">1.3.4<\/span> Galeria \u201cFantazam\u201d \n<\/a><\/li><\/ul><\/li><li><a href=\"#Activities_and_more\"><span class=\"toc_number toc_depth_2\">1.4<\/span> Atividades e muito mais \n<\/a><ul><li><a href=\"#Jazz_Wine_Festival\"><span class=\"toc_number toc_depth_3\">1.4.1<\/span> Festival de Jazz e Vinhos \n<\/a><\/li><li><a href=\"#Love_Me_Do_Festival\"><span class=\"toc_number toc_depth_3\">1.4.2<\/span> Festival Love Me Do \n<\/a><\/li><li><a href=\"#St_Roko_Day_The_day_of_the_city\"><span class=\"toc_number toc_depth_3\">1.4.3<\/span> St. Roko Day \u2013 O dia da cidade\n<\/a><\/li><\/ul><\/li><li><a href=\"#For_kids\"><span class=\"toc_number toc_depth_2\">1.5<\/span> para crian\u00e7as \n<\/a><ul><li><a href=\"#Swimming_and_water_polo_summer_school\"><span class=\"toc_number toc_depth_3\">1.5.1<\/span> Escola de ver\u00e3o de nata\u00e7\u00e3o e p\u00f3lo aqu\u00e1tico\n<\/a><\/li><li><a href=\"#Sailing_school\"><span class=\"toc_number toc_depth_3\">1.5.2<\/span> escola de vela\n<\/a><\/li><li><a href=\"#Summer_music_school\"><span class=\"toc_number toc_depth_3\">1.5.3<\/span> escola de m\u00fasica de ver\u00e3o\n<\/a><\/li><\/ul><\/li><li><a href=\"#Beaches_nearby\"><span class=\"toc_number toc_depth_2\">1.6<\/span> Praias pr\u00f3ximas\n<\/a><\/li><li><a href=\"#Best-rated_restaurants\"><span class=\"toc_number toc_depth_2\">1.7<\/span> Restaurantes mais bem avaliados\n<\/a><\/li><li><a href=\"#Nightlife\"><span class=\"toc_number toc_depth_2\">1.8<\/span> vida noturna  \n<\/a><\/li><li><a href=\"#Best_accommodations\"><span class=\"toc_number toc_depth_2\">1.9<\/span> melhores acomoda\u00e7\u00f5es \n<\/a><ul><li><a href=\"#Hotels\"><span class=\"toc_number toc_depth_3\">1.9.1<\/span> hot\u00e9is<\/a><\/li><li><a href=\"#Villas\"><span class=\"toc_number toc_depth_3\">1.9.2<\/span> Vilas \n<\/a><\/li><\/ul><\/li><li><a href=\"#Groceries_and_other_supplies\"><span class=\"toc_number toc_depth_2\">1.10<\/span> Mantimentos e outros suprimentos\n<\/a><\/li><\/ul><\/li><\/ul><\/div>\n<\/div>\n\t\t\t\t<\/div>\n\t\t\t\t<\/div>\n\t\t\t\t\t<\/div>\n\t\t<\/div>\n\t\t\t\t\t\t\t<\/div>\n\t\t<\/section>\n\t\t\t\t<section class=\"elementor-section elementor-top-section elementor-element elementor-element-5142ef3 elementor-section-boxed elementor-section-height-default elementor-section-height-default\" data-id=\"5142ef3\" data-element_type=\"section\">\n\t\t\t\t\t\t<div class=\"elementor-container elementor-column-gap-default\">\n\t\t\t\t\t<div class=\"elementor-column elementor-col-100 elementor-top-column elementor-element elementor-element-723a064\" data-id=\"723a064\" data-element_type=\"column\">\n\t\t\t<div class=\"elementor-widget-wrap elementor-element-populated\">\n\t\t\t\t\t\t\t\t<div class=\"elementor-element elementor-element-4db952d elementor-widget elementor-widget-heading\" data-id=\"4db952d\" data-element_type=\"widget\" data-widget_type=\"heading.default\">\n\t\t\t\t<div class=\"elementor-widget-container\">\n\t\t\t<h2 class=\"elementor-heading-title elementor-size-default\"><span id=\"How_to_reach_it\">Como alcan\u00e7\u00e1-lo?\n<\/span><\/h2>\t\t<\/div>\n\t\t\t\t<\/div>\n\t\t\t\t<div class=\"elementor-element elementor-element-0ad5926 elementor-widget elementor-widget-text-editor\" data-id=\"0ad5926\" data-element_type=\"widget\" data-widget_type=\"text-editor.default\">\n\t\t\t\t<div class=\"elementor-widget-container\">\n\t\t\t\t\t\t\t<p data-start=\"0\" data-end=\"259\">Stari Grad \u00e9 bem conectada a outras partes de Hvar e ao continente croata, o que a torna facilmente acess\u00edvel a todos os visitantes.<br data-start=\"124\" data-end=\"127\" \/><strong data-start=\"127\" data-end=\"138\">De \u00f4nibus:<\/strong><br data-start=\"138\" data-end=\"141\" data-is-only-node=\"\" \/>Stari Grad \u00e9 conectada por linhas de \u00f4nibus a cidades por toda Hvar. \u00d4nibus circulam regularmente entre os principais destinos da ilha.<\/p><p data-start=\"261\" data-end=\"521\"><strong data-start=\"261\" data-end=\"274\">De balsa:<\/strong><br data-start=\"274\" data-end=\"277\" \/>Para quem chega de Split, h\u00e1 balsas di\u00e1rias entre Split e Stari Grad. Este servi\u00e7o de balsa oferece uma maneira confort\u00e1vel de viajar, e a programa\u00e7\u00e3o completa durante todo o ano pode ser encontrada em <a class=\"\" href=\"https:\/\/www.jadrolinija.hr\/\" target=\"_new\" rel=\"noopener\" data-start=\"460\" data-end=\"518\" data-is-only-node=\"\">https:\/\/www.jadrolinija.hr\/<\/a>.<\/p><p data-start=\"523\" data-end=\"821\" data-is-last-node=\"\" data-is-only-node=\"\"><strong data-start=\"523\" data-end=\"541\">De t\u00e1xi aqu\u00e1tico:<\/strong><br data-start=\"541\" data-end=\"544\" \/>A maneira mais r\u00e1pida e flex\u00edvel de chegar a Stari Grad por mar \u00e9 <a href=\"https:\/\/dalmatia-express.com\/hr\/\">de t\u00e1xi aqu\u00e1tico.<\/a> Esta op\u00e7\u00e3o permite que voc\u00ea escolha seu ponto de partida exato e desfrute de um passeio privativo. Os t\u00e1xis aqu\u00e1ticos s\u00e3o perfeitos para quem busca transporte mar\u00edtimo r\u00e1pido e confort\u00e1vel e podem ser personalizados de acordo com suas necessidades.<\/p>\t\t\t\t\t\t<\/div>\n\t\t\t\t<\/div>\n\t\t\t\t<div class=\"elementor-element elementor-element-e315ab8 elementor-widget elementor-widget-spacer\" data-id=\"e315ab8\" data-element_type=\"widget\" data-widget_type=\"spacer.default\">\n\t\t\t\t<div class=\"elementor-widget-container\">\n\t\t\t<style>\/*! elementor - v3.6.6 - 08-06-2022 *\/\n.e-container.e-container--row .elementor-spacer-inner{width:var(--spacer-size)}.e-container.e-container--column .elementor-spacer-inner,.elementor-column .elementor-spacer-inner{height:var(--spacer-size)}<\/style>\t\t<div class=\"elementor-spacer\">\n\t\t\t<div class=\"elementor-spacer-inner\"><\/div>\n\t\t<\/div>\n\t\t\t\t<\/div>\n\t\t\t\t<\/div>\n\t\t\t\t<div class=\"elementor-element elementor-element-731702c elementor-widget elementor-widget-heading\" data-id=\"731702c\" data-element_type=\"widget\" data-widget_type=\"heading.default\">\n\t\t\t\t<div class=\"elementor-widget-container\">\n\t\t\t<h2 class=\"elementor-heading-title elementor-size-default\"><span id=\"What_to_see\">O que ver\n<\/span><\/h2>\t\t<\/div>\n\t\t\t\t<\/div>\n\t\t\t\t<div class=\"elementor-element elementor-element-b627e62 elementor-widget elementor-widget-heading\" data-id=\"b627e62\" data-element_type=\"widget\" data-widget_type=\"heading.default\">\n\t\t\t\t<div class=\"elementor-widget-container\">\n\t\t\t<h3 class=\"elementor-heading-title elementor-size-default\"><span id=\"Drywalls_of_Stari_Grad\">Drywalls de Stari Grad<\/span><\/h3>\t\t<\/div>\n\t\t\t\t<\/div>\n\t\t\t\t<div class=\"elementor-element elementor-element-1b8b244 elementor-widget elementor-widget-image\" data-id=\"1b8b244\" data-element_type=\"widget\" data-widget_type=\"image.default\">\n\t\t\t\t<div class=\"elementor-widget-container\">\n\t\t\t\t\t\t\t\t\t\t\t\t\t\t\t<img loading=\"lazy\" decoding=\"async\" width=\"650\" height=\"433\" src=\"https:\/\/dalmatia-express.com\/wp-content\/uploads\/2022\/07\/starograjsko-polje-dry-stone-walls.webp\" class=\"attachment-full size-full\" alt=\"Stari Grad - Paredes de pedra seca\" srcset=\"https:\/\/dalmatia-express.com\/wp-content\/uploads\/2022\/07\/starograjsko-polje-dry-stone-walls.webp 650w, https:\/\/dalmatia-express.com\/wp-content\/uploads\/2022\/07\/starograjsko-polje-dry-stone-walls-300x200.webp 300w\" sizes=\"auto, (max-width: 650px) 100vw, 650px\" \/>\t\t\t\t\t\t\t\t\t\t\t\t\t\t\t<\/div>\n\t\t\t\t<\/div>\n\t\t\t\t<div class=\"elementor-element elementor-element-b04a6cd elementor-widget elementor-widget-text-editor\" data-id=\"b04a6cd\" data-element_type=\"widget\" data-widget_type=\"text-editor.default\">\n\t\t\t\t<div class=\"elementor-widget-container\">\n\t\t\t\t\t\t\t<p>Muros de pedra seca s\u00e3o um dos s\u00edmbolos mais ic\u00f4nicos da Dalm\u00e1cia, e Stari Grad \u00e9 famosa por seus exemplares excepcionalmente bem preservados. Esses muros j\u00e1 foram usados para dividir terras agr\u00edcolas e criar espa\u00e7o para cultivo. <a href=\"https:\/\/www.google.com\/maps\/place\/Omfalos+-+Stari+Grad+Plain\/@43.1800973,16.603141,13.86z\/data=!4m5!3m4!1s0x134a8752c9845191:0x1cb4ee723988f7f9!8m2!3d43.1845903!4d16.6175324?shorturl=1\" target=\"_blank\" rel=\"noopener\">A Plan\u00edcie Stari Grad, ou <em data-start=\"252\" data-end=\"258\">Idade<\/em>,<\/a> Com 2.400 anos de hist\u00f3ria, \u00e9 um verdadeiro tesouro arqueol\u00f3gico \u2014 com 2 quil\u00f4metros de comprimento e 6 quil\u00f4metros de largura. Essas muralhas antigas est\u00e3o entre as mais bem preservadas do mundo e representam um patrim\u00f4nio cultural extraordin\u00e1rio que conecta a hist\u00f3ria grega e romana. Para os amantes de hist\u00f3ria e arqueologia, este \u00e9 um destino imperd\u00edvel. <a href=\"https:\/\/msg.hr\/en\/stari-grad-plain-stari-grad-unesco-world-heritage\/\" target=\"_blank\" rel=\"noopener\">Voc\u00ea pode aprender mais sobre a hist\u00f3ria dos muros de pedra seca no Museu Stari Grad.<\/a><\/p>\t\t\t\t\t\t<\/div>\n\t\t\t\t<\/div>\n\t\t\t\t<div class=\"elementor-element elementor-element-3fc514e elementor-widget elementor-widget-heading\" data-id=\"3fc514e\" data-element_type=\"widget\" data-widget_type=\"heading.default\">\n\t\t\t\t<div class=\"elementor-widget-container\">\n\t\t\t<h3 class=\"elementor-heading-title elementor-size-default\"><span id=\"Klapa_singing\">Klapa cantando<\/span><\/h3>\t\t<\/div>\n\t\t\t\t<\/div>\n\t\t\t\t<div class=\"elementor-element elementor-element-59871dd elementor-widget elementor-widget-text-editor\" data-id=\"59871dd\" data-element_type=\"widget\" data-widget_type=\"text-editor.default\">\n\t\t\t\t<div class=\"elementor-widget-container\">\n\t\t\t\t\t\t\t<p>O canto Klapa \u00e9 outro s\u00edmbolo essencial da Dalm\u00e1cia, e Stari Grad \u00e9 o lar do aut\u00eantico d\u00e1lmata <em data-start=\"121\" data-end=\"129\">klapas<\/em>. S\u00e3o grupos vocais a cappella, tradicionalmente compostos por cinco a oito homens, embora hoje tamb\u00e9m existam grupos mistos e femininos. Os klapas executam can\u00e7\u00f5es tradicionais d\u00e1lmatas que expressam o amor pelo mar, pela vida na ilha e pela rica cultura da regi\u00e3o. Em 2012, o canto klapa foi inscrito na lista do Patrim\u00f4nio Cultural Imaterial da UNESCO, destacando ainda mais sua import\u00e2ncia cultural. Se voc\u00ea visitar Stari Grad, ter\u00e1 a oportunidade de desfrutar de apresenta\u00e7\u00f5es aut\u00eanticas de klapa que personificam a ess\u00eancia da tradi\u00e7\u00e3o d\u00e1lmata.<\/p>\t\t\t\t\t\t<\/div>\n\t\t\t\t<\/div>\n\t\t\t\t<div class=\"elementor-element elementor-element-1688ef6 elementor-aspect-ratio-169 elementor-widget elementor-widget-video\" data-id=\"1688ef6\" data-element_type=\"widget\" data-settings=\"{&quot;youtube_url&quot;:&quot;https:\\\/\\\/www.youtube.com\\\/watch?v=tsrceEbdbpE&quot;,&quot;start&quot;:240,&quot;autoplay&quot;:&quot;yes&quot;,&quot;lazy_load&quot;:&quot;yes&quot;,&quot;video_type&quot;:&quot;youtube&quot;,&quot;controls&quot;:&quot;yes&quot;,&quot;aspect_ratio&quot;:&quot;169&quot;}\" data-widget_type=\"video.default\">\n\t\t\t\t<div class=\"elementor-widget-container\">\n\t\t\t<style>\/*! elementor - v3.6.6 - 08-06-2022 *\/\n.elementor-widget-video .elementor-widget-container{overflow:hidden;-webkit-transform:translateZ(0);transform:translateZ(0)}.elementor-widget-video .elementor-open-inline .elementor-custom-embed-image-overlay{position:absolute;top:0;left:0;width:100%;height:100%;background-size:cover;background-position:50%}.elementor-widget-video .elementor-custom-embed-image-overlay{cursor:pointer;text-align:center}.elementor-widget-video .elementor-custom-embed-image-overlay:hover .elementor-custom-embed-play i{opacity:1}.elementor-widget-video .elementor-custom-embed-image-overlay img{display:block;width:100%}.elementor-widget-video .e-hosted-video .elementor-video{-o-object-fit:cover;object-fit:cover}<\/style>\t\t<div class=\"elementor-wrapper elementor-fit-aspect-ratio elementor-open-inline\">\n\t\t\t<div class=\"elementor-video\"><\/div>\t\t<\/div>\n\t\t\t\t<\/div>\n\t\t\t\t<\/div>\n\t\t\t\t<div class=\"elementor-element elementor-element-c92905a elementor-widget elementor-widget-image\" data-id=\"c92905a\" data-element_type=\"widget\" data-widget_type=\"image.default\">\n\t\t\t\t<div class=\"elementor-widget-container\">\n\t\t\t\t\t\t\t\t\t\t\t\t\t\t\t<img loading=\"lazy\" decoding=\"async\" width=\"960\" height=\"670\" src=\"https:\/\/dalmatia-express.com\/wp-content\/uploads\/2022\/07\/klapsko-pjevanje.webp\" class=\"attachment-full size-full\" alt=\"Stari Grad - Cantores originais da Dalm\u00e1cia de Klapas de Stari Grad\" srcset=\"https:\/\/dalmatia-express.com\/wp-content\/uploads\/2022\/07\/klapsko-pjevanje.webp 960w, https:\/\/dalmatia-express.com\/wp-content\/uploads\/2022\/07\/klapsko-pjevanje-300x209.webp 300w, https:\/\/dalmatia-express.com\/wp-content\/uploads\/2022\/07\/klapsko-pjevanje-768x536.webp 768w\" sizes=\"auto, (max-width: 960px) 100vw, 960px\" \/>\t\t\t\t\t\t\t\t\t\t\t\t\t\t\t<\/div>\n\t\t\t\t<\/div>\n\t\t\t\t<div class=\"elementor-element elementor-element-baa15f3 elementor-widget elementor-widget-heading\" data-id=\"baa15f3\" data-element_type=\"widget\" data-widget_type=\"heading.default\">\n\t\t\t\t<div class=\"elementor-widget-container\">\n\t\t\t<h3 class=\"elementor-heading-title elementor-size-default\"><span id=\"Za_krizen_procession\">Prociss\u00e3o \u201cZa kri\u017een\u201d\n<\/span><\/h3>\t\t<\/div>\n\t\t\t\t<\/div>\n\t\t\t\t<div class=\"elementor-element elementor-element-b5c913a elementor-widget elementor-widget-text-editor\" data-id=\"b5c913a\" data-element_type=\"widget\" data-widget_type=\"text-editor.default\">\n\t\t\t\t<div class=\"elementor-widget-container\">\n\t\t\t\t\t\t\t<p>Todos os anos, na Quinta-feira Santa, a ilha de Hvar acolhe um dos eventos religiosos mais impressionantes e tradicionais da Cro\u00e1cia \u2013 a <em data-start=\"815\" data-end=\"826\">Za Kri\u017een<\/em> Prociss\u00e3o (Seguindo a Cruz). Esta prociss\u00e3o noturna come\u00e7a \u00e0s 22h e dura at\u00e9 oito horas, com os participantes caminhando 25 quil\u00f4metros durante a noite. A tradi\u00e7\u00e3o \u00e9 preservada h\u00e1 s\u00e9culos e oferece aos visitantes uma rara oportunidade de testemunhar um ritual espiritual e cultural profundamente enraizado, \u00fanico na ilha.<\/p>\t\t\t\t\t\t<\/div>\n\t\t\t\t<\/div>\n\t\t\t\t<div class=\"elementor-element elementor-element-a364e8e elementor-widget elementor-widget-heading\" data-id=\"a364e8e\" data-element_type=\"widget\" data-widget_type=\"heading.default\">\n\t\t\t\t<div class=\"elementor-widget-container\">\n\t\t\t<h3 class=\"elementor-heading-title elementor-size-default\"><span id=\"Tvrdalj\">Tvrdalj \n<\/span><\/h3>\t\t<\/div>\n\t\t\t\t<\/div>\n\t\t\t\t<div class=\"elementor-element elementor-element-4e5ca2d elementor-widget elementor-widget-image\" data-id=\"4e5ca2d\" data-element_type=\"widget\" data-widget_type=\"image.default\">\n\t\t\t\t<div class=\"elementor-widget-container\">\n\t\t\t\t\t\t\t\t\t\t\t\t\t\t\t<img loading=\"lazy\" decoding=\"async\" width=\"1000\" height=\"667\" src=\"https:\/\/dalmatia-express.com\/wp-content\/uploads\/2022\/04\/Tvrdalj-Stari-Grad-Hvar-Island.webp\" class=\"attachment-full size-full\" alt=\"Tvrdalj, Stari Grad, Ilha de Hvar\" srcset=\"https:\/\/dalmatia-express.com\/wp-content\/uploads\/2022\/04\/Tvrdalj-Stari-Grad-Hvar-Island.webp 1000w, https:\/\/dalmatia-express.com\/wp-content\/uploads\/2022\/04\/Tvrdalj-Stari-Grad-Hvar-Island-300x200.webp 300w, https:\/\/dalmatia-express.com\/wp-content\/uploads\/2022\/04\/Tvrdalj-Stari-Grad-Hvar-Island-768x512.webp 768w\" sizes=\"auto, (max-width: 1000px) 100vw, 1000px\" \/>\t\t\t\t\t\t\t\t\t\t\t\t\t\t\t<\/div>\n\t\t\t\t<\/div>\n\t\t\t\t<div class=\"elementor-element elementor-element-167b47f elementor-widget elementor-widget-text-editor\" data-id=\"167b47f\" data-element_type=\"widget\" data-widget_type=\"text-editor.default\">\n\t\t\t\t<div class=\"elementor-widget-container\">\n\t\t\t\t\t\t\t<p>Localizada em Stari Grad, a Tvrdalj \u00e9 uma resid\u00eancia hist\u00f3rica constru\u00edda pelo renomado poeta de Hvar, Petar Hektorovi\u0107, no s\u00e9culo XVI. Originalmente constru\u00edda como um retiro de ver\u00e3o, a Tvrdalj \u00e9 uma obra-prima arquitet\u00f4nica \u00fanica, com um lago para peixes e um pombal, criando um pequeno o\u00e1sis de vida. Inscri\u00e7\u00f5es em pedra por toda a propriedade refletem a filosofia de vida de Hektorovi\u0107 e seu amor pela literatura. A casa est\u00e1 aberta \u00e0 visita\u00e7\u00e3o de maio a outubro e est\u00e1 localizada em Priko bb.<\/p>\t\t\t\t\t\t<\/div>\n\t\t\t\t<\/div>\n\t\t\t\t<div class=\"elementor-element elementor-element-fa48118 elementor-widget elementor-widget-heading\" data-id=\"fa48118\" data-element_type=\"widget\" data-widget_type=\"heading.default\">\n\t\t\t\t<div class=\"elementor-widget-container\">\n\t\t\t<h3 class=\"elementor-heading-title elementor-size-default\"><span id=\"St_Stephen_church\">Igreja de Santo Est\u00eav\u00e3o\n<\/span><\/h3>\t\t<\/div>\n\t\t\t\t<\/div>\n\t\t\t\t<div class=\"elementor-element elementor-element-a32c7dd elementor-widget elementor-widget-image\" data-id=\"a32c7dd\" data-element_type=\"widget\" data-widget_type=\"image.default\">\n\t\t\t\t<div class=\"elementor-widget-container\">\n\t\t\t\t\t\t\t\t\t\t\t\t\t\t\t<img loading=\"lazy\" decoding=\"async\" width=\"960\" height=\"670\" src=\"https:\/\/dalmatia-express.com\/wp-content\/uploads\/2022\/07\/klapsko-pjevanje.webp\" class=\"attachment-full size-full\" alt=\"Stari Grad - Cantores originais da Dalm\u00e1cia de Klapas de Stari Grad\" srcset=\"https:\/\/dalmatia-express.com\/wp-content\/uploads\/2022\/07\/klapsko-pjevanje.webp 960w, https:\/\/dalmatia-express.com\/wp-content\/uploads\/2022\/07\/klapsko-pjevanje-300x209.webp 300w, https:\/\/dalmatia-express.com\/wp-content\/uploads\/2022\/07\/klapsko-pjevanje-768x536.webp 768w\" sizes=\"auto, (max-width: 960px) 100vw, 960px\" \/>\t\t\t\t\t\t\t\t\t\t\t\t\t\t\t<\/div>\n\t\t\t\t<\/div>\n\t\t\t\t<div class=\"elementor-element elementor-element-3df7249 elementor-widget elementor-widget-text-editor\" data-id=\"3df7249\" data-element_type=\"widget\" data-widget_type=\"text-editor.default\">\n\t\t\t\t<div class=\"elementor-widget-container\">\n\t\t\t\t\t\t\t<p data-start=\"1660\" data-end=\"2059\">A Igreja Barroca de Santo Est\u00eav\u00e3o, situada no cora\u00e7\u00e3o de Stari Grad, \u00e9 um dos marcos religiosos e culturais mais not\u00e1veis da ilha. Outrora o ponto central da vida cotidiana da cidade, agora serve como um espa\u00e7o tranquilo e reflexivo. Localizada ao longo do cal\u00e7ad\u00e3o principal da cidade, a igreja \u00e9 uma visita obrigat\u00f3ria para todos os interessados em hist\u00f3ria e patrim\u00f4nio espiritual.<\/p><p data-start=\"2061\" data-end=\"2324\" data-is-last-node=\"\" data-is-only-node=\"\">Com sua rica hist\u00f3ria e marcos culturais inesquec\u00edveis, Stari Grad oferece aos visitantes n\u00e3o apenas belas praias e restaurantes requintados, mas tamb\u00e9m uma oportunidade \u00fanica de mergulhar no passado da Cro\u00e1cia e vivenciar a cultura tradicional da regi\u00e3o da Dalm\u00e1cia.<\/p>\t\t\t\t\t\t<\/div>\n\t\t\t\t<\/div>\n\t\t\t\t<div class=\"elementor-element elementor-element-756309c elementor-widget elementor-widget-spacer\" data-id=\"756309c\" data-element_type=\"widget\" data-widget_type=\"spacer.default\">\n\t\t\t\t<div class=\"elementor-widget-container\">\n\t\t\t\t\t<div class=\"elementor-spacer\">\n\t\t\t<div class=\"elementor-spacer-inner\"><\/div>\n\t\t<\/div>\n\t\t\t\t<\/div>\n\t\t\t\t<\/div>\n\t\t\t\t<div class=\"elementor-element elementor-element-6af9803 elementor-widget elementor-widget-heading\" data-id=\"6af9803\" data-element_type=\"widget\" data-widget_type=\"heading.default\">\n\t\t\t\t<div class=\"elementor-widget-container\">\n\t\t\t<h2 class=\"elementor-heading-title elementor-size-default\"><span id=\"Museums_and_galleries\">Museus e galerias\n<\/span><\/h2>\t\t<\/div>\n\t\t\t\t<\/div>\n\t\t\t\t<div class=\"elementor-element elementor-element-a6b0dea elementor-widget elementor-widget-heading\" data-id=\"a6b0dea\" data-element_type=\"widget\" data-widget_type=\"heading.default\">\n\t\t\t\t<div class=\"elementor-widget-container\">\n\t\t\t<h3 class=\"elementor-heading-title elementor-size-default\"><span id=\"Museum_of_Stari_Grad\">Museu de Stari Grad\n<\/span><\/h3>\t\t<\/div>\n\t\t\t\t<\/div>\n\t\t\t\t<div class=\"elementor-element elementor-element-78504e9 elementor-widget elementor-widget-text-editor\" data-id=\"78504e9\" data-element_type=\"widget\" data-widget_type=\"text-editor.default\">\n\t\t\t\t<div class=\"elementor-widget-container\">\n\t\t\t\t\t\t\t<p data-start=\"188\" data-end=\"580\">O <a href=\"https:\/\/msg.hr\/\" target=\"_blank\" rel=\"noopener\">Museu Stari Grad <\/a>\u00c9 o lugar perfeito para todos os amantes de hist\u00f3ria e cultura. Localizado no cora\u00e7\u00e3o de Stari Grad, este museu municipal oferece uma rica cole\u00e7\u00e3o de hist\u00f3rias que abrangem mais de 2.400 anos. Al\u00e9m do seu acervo permanente, o museu tamb\u00e9m organiza exposi\u00e7\u00f5es tem\u00e1ticas especiais ao longo do ano para enriquecer a experi\u00eancia do visitante.<br data-start=\"555\" data-end=\"558\">\u2022 <strong data-start=\"560\" data-end=\"578\">Hor\u00e1rio de funcionamento:<\/strong><\/p>\n<ul data-start=\"583\" data-end=\"1093\">\n<li data-start=\"583\" data-end=\"639\">\n<p data-start=\"585\" data-end=\"639\"><em data-start=\"585\" data-end=\"604\">Outubro a abril:<\/em> Visitas somente mediante agendamento pr\u00e9vio<\/p>\n<\/li>\n<li data-start=\"642\" data-end=\"702\">\n<p data-start=\"644\" data-end=\"702\"><em data-start=\"644\" data-end=\"667\">Maio, junho, setembro:<\/em> Segunda a s\u00e1bado: 10:00 \u2013 13:00<\/p>\n<\/li>\n<li data-start=\"705\" data-end=\"793\">\n<p data-start=\"707\" data-end=\"793\"><em data-start=\"707\" data-end=\"725\">Julho e agosto:<\/em> Diariamente das 10:00 \u00e0s 13:00, domingos das 19:00 \u00e0s 21:00<br data-start=\"768\" data-end=\"771\">\u2022 <strong data-start=\"773\" data-end=\"791\">Pre\u00e7os dos ingressos:<\/strong><\/p>\n<\/li>\n<li data-start=\"796\" data-end=\"810\">\n<p data-start=\"798\" data-end=\"810\">Adultos: \u20ac 5<\/p>\n<\/li>\n<li data-start=\"813\" data-end=\"851\">\n<p data-start=\"815\" data-end=\"851\">Crian\u00e7as em idade pr\u00e9-escolar: Gratuito<\/p>\n<\/li>\n<li data-start=\"854\" data-end=\"886\">\n<p data-start=\"856\" data-end=\"886\">Visita guiada em croata: 15\u20ac<\/p>\n<\/li>\n<li data-start=\"889\" data-end=\"1093\">\n<p data-start=\"891\" data-end=\"1093\">Visita guiada em ingl\u00eas: \u20ac 20<br data-start=\"918\" data-end=\"921\"><strong data-start=\"921\" data-end=\"934\">Localiza\u00e7\u00e3o:<\/strong> O museu est\u00e1 localizado na Bra\u0107e Biankini 4, bem ao lado da Tvrdalj, o que o torna facilmente acess\u00edvel para aqueles que desejam explorar a heran\u00e7a cultural de Stari Grad.<\/p>\n<\/li>\n<\/ul>\t\t\t\t\t\t<\/div>\n\t\t\t\t<\/div>\n\t\t\t\t<div class=\"elementor-element elementor-element-5337f7a elementor-widget elementor-widget-heading\" data-id=\"5337f7a\" data-element_type=\"widget\" data-widget_type=\"heading.default\">\n\t\t\t\t<div class=\"elementor-widget-container\">\n\t\t\t<h3 class=\"elementor-heading-title elementor-size-default\"><span id=\"Collection_in_Tvrdalj\">Cole\u00e7\u00e3o em Tvrdalj\n<\/span><\/h3>\t\t<\/div>\n\t\t\t\t<\/div>\n\t\t\t\t<div class=\"elementor-element elementor-element-0fdef84 elementor-widget elementor-widget-text-editor\" data-id=\"0fdef84\" data-element_type=\"widget\" data-widget_type=\"text-editor.default\">\n\t\t\t\t<div class=\"elementor-widget-container\">\n\t\t\t\t\t\t\t<p>Constru\u00eddo no s\u00e9culo XVI, Tvrdalj foi a resid\u00eancia de ver\u00e3o do renomado poeta croata Petar Hektorovi\u0107. Hoje, o local abriga uma cole\u00e7\u00e3o de itens do cotidiano que refletem a vida naquele per\u00edodo hist\u00f3rico. A exposi\u00e7\u00e3o inclui ferramentas usadas na viticultura e no cultivo de azeitonas, entre muitos outros artefatos que retratam a vida tradicional na Dalm\u00e1cia.<br data-start=\"1465\" data-end=\"1468\" \/>\u2022 <strong data-start=\"1470\" data-end=\"1485\">Destaques:<\/strong> Tvrdalj \u00e9 um dos monumentos renascentistas mais bem preservados da regi\u00e3o, com um lindo jardim, um lago de peixes (aqu\u00e1rio) e pombais, oferecendo um ambiente tranquilo para entusiastas de hist\u00f3ria e literatura.<\/p>\t\t\t\t\t\t<\/div>\n\t\t\t\t<\/div>\n\t\t\t\t<div class=\"elementor-element elementor-element-008627f elementor-widget elementor-widget-heading\" data-id=\"008627f\" data-element_type=\"widget\" data-widget_type=\"heading.default\">\n\t\t\t\t<div class=\"elementor-widget-container\">\n\t\t\t<h3 class=\"elementor-heading-title elementor-size-default\"><span id=\"Art_collection_of_Dominican_Monastery\">Cole\u00e7\u00e3o de arte do mosteiro dominicano\n<\/span><\/h3>\t\t<\/div>\n\t\t\t\t<\/div>\n\t\t\t\t<div class=\"elementor-element elementor-element-78c6da2 elementor-widget elementor-widget-text-editor\" data-id=\"78c6da2\" data-element_type=\"widget\" data-widget_type=\"text-editor.default\">\n\t\t\t\t<div class=\"elementor-widget-container\">\n\t\t\t\t\t\t\t<p>Fundado no s\u00e9culo XV, o Mosteiro Dominicano preserva in\u00fameras obras de arte valiosas que datam da Idade M\u00e9dia. O acervo inclui ret\u00e1bulos sagrados, incun\u00e1bulos (os primeiros livros impressos) e muitos outros itens que refletem a rica hist\u00f3ria espiritual e art\u00edstica da regi\u00e3o.<br data-start=\"2035\" data-end=\"2038\" \/>\u2022 <strong data-start=\"2040\" data-end=\"2058\">Hor\u00e1rio de funcionamento:<\/strong> Aberto ao p\u00fablico de maio a outubro<br data-start=\"2097\" data-end=\"2100\" \/>\u2022 <strong data-start=\"2102\" data-end=\"2115\">Localiza\u00e7\u00e3o:<\/strong> Localizado em Kod Svetog Petra 1P, atr\u00e1s de Tvrdalj e da Igreja de St. Roch<br data-start=\"2189\" data-end=\"2192\" \/>Esta cole\u00e7\u00e3o oferece uma vis\u00e3o fascinante do legado religioso e art\u00edstico de Stari Grad e \u00e9 uma visita obrigat\u00f3ria para qualquer pessoa interessada em hist\u00f3ria e arte.<\/p>\t\t\t\t\t\t<\/div>\n\t\t\t\t<\/div>\n\t\t\t\t<div class=\"elementor-element elementor-element-4d82d78 elementor-widget elementor-widget-heading\" data-id=\"4d82d78\" data-element_type=\"widget\" data-widget_type=\"heading.default\">\n\t\t\t\t<div class=\"elementor-widget-container\">\n\t\t\t<h3 class=\"elementor-heading-title elementor-size-default\"><span id=\"Gallery_Fantazam\">Galeria \u201cFantazam\u201d \n<\/span><\/h3>\t\t<\/div>\n\t\t\t\t<\/div>\n\t\t\t\t<div class=\"elementor-element elementor-element-1d0a4e4 elementor-widget elementor-widget-image\" data-id=\"1d0a4e4\" data-element_type=\"widget\" data-widget_type=\"image.default\">\n\t\t\t\t<div class=\"elementor-widget-container\">\n\t\t\t\t\t\t\t\t\t\t\t\t\t\t\t<img loading=\"lazy\" decoding=\"async\" width=\"1600\" height=\"900\" src=\"https:\/\/dalmatia-express.com\/wp-content\/uploads\/2022\/07\/Fanatazm-Gallery-Stari-Grad-Sculpture.webp\" class=\"attachment-full size-full\" alt=\"Galeria Fanatazm Stari Grad Escultura\" srcset=\"https:\/\/dalmatia-express.com\/wp-content\/uploads\/2022\/07\/Fanatazm-Gallery-Stari-Grad-Sculpture.webp 1600w, https:\/\/dalmatia-express.com\/wp-content\/uploads\/2022\/07\/Fanatazm-Gallery-Stari-Grad-Sculpture-300x169.webp 300w, https:\/\/dalmatia-express.com\/wp-content\/uploads\/2022\/07\/Fanatazm-Gallery-Stari-Grad-Sculpture-1024x576.webp 1024w, https:\/\/dalmatia-express.com\/wp-content\/uploads\/2022\/07\/Fanatazm-Gallery-Stari-Grad-Sculpture-768x432.webp 768w, https:\/\/dalmatia-express.com\/wp-content\/uploads\/2022\/07\/Fanatazm-Gallery-Stari-Grad-Sculpture-1536x864.webp 1536w, https:\/\/dalmatia-express.com\/wp-content\/uploads\/2022\/07\/Fanatazm-Gallery-Stari-Grad-Sculpture-340x190.webp 340w\" sizes=\"auto, (max-width: 1600px) 100vw, 1600px\" \/>\t\t\t\t\t\t\t\t\t\t\t\t\t\t\t<\/div>\n\t\t\t\t<\/div>\n\t\t\t\t<div class=\"elementor-element elementor-element-4c047af elementor-widget elementor-widget-text-editor\" data-id=\"4c047af\" data-element_type=\"widget\" data-widget_type=\"text-editor.default\">\n\t\t\t\t<div class=\"elementor-widget-container\">\n\t\t\t\t\t\t\t<p><a href=\"https:\/\/fantazam.com\/en\/contact.html\" target=\"_blank\" rel=\"noopener\">A galeria \u201cFantazam\u201d<\/a> \u00e9 um espa\u00e7o que mistura arte contempor\u00e2nea com escultura criativa. Fundada pelo artista local Zoran Tadi\u0107, que retornou \u00e0 sua cidade natal para criar uma cole\u00e7\u00e3o \u00fanica, a galeria apresenta obras de arte que mesclam criaturas reais e m\u00edticas. Suas esculturas e joias irradiam originalidade e criatividade, tornando cada pe\u00e7a uma verdadeira obra de arte.<br data-start=\"2746\" data-end=\"2749\" \/>\u2022 <strong data-start=\"2751\" data-end=\"2766\">Destaques:<\/strong> A galeria oferece um raro olhar sobre a mente de um artista local, com foco em express\u00f5es art\u00edsticas modernas, tradicionais e inovadoras. Cada escultura e joia conta sua pr\u00f3pria hist\u00f3ria, convidando \u00e0 reflex\u00e3o e \u00e0 admira\u00e7\u00e3o.<br data-start=\"3007\" data-end=\"3010\" \/>\u2022 <strong data-start=\"3012\" data-end=\"3025\">Localiza\u00e7\u00e3o:<\/strong> A galeria est\u00e1 localizada na Ivana Gunduli\u0107a 6P e \u00e9 facilmente acess\u00edvel para visitantes que exploram Stari Grad.<\/p>\t\t\t\t\t\t<\/div>\n\t\t\t\t<\/div>\n\t\t\t\t<div class=\"elementor-element elementor-element-5d429df elementor-widget elementor-widget-spacer\" data-id=\"5d429df\" data-element_type=\"widget\" data-widget_type=\"spacer.default\">\n\t\t\t\t<div class=\"elementor-widget-container\">\n\t\t\t\t\t<div class=\"elementor-spacer\">\n\t\t\t<div class=\"elementor-spacer-inner\"><\/div>\n\t\t<\/div>\n\t\t\t\t<\/div>\n\t\t\t\t<\/div>\n\t\t\t\t<div class=\"elementor-element elementor-element-dcec722 elementor-widget elementor-widget-heading\" data-id=\"dcec722\" data-element_type=\"widget\" data-widget_type=\"heading.default\">\n\t\t\t\t<div class=\"elementor-widget-container\">\n\t\t\t<h2 class=\"elementor-heading-title elementor-size-default\"><span id=\"Activities_and_more\">Atividades e muito mais \n<\/span><\/h2>\t\t<\/div>\n\t\t\t\t<\/div>\n\t\t\t\t<div class=\"elementor-element elementor-element-9717777 elementor-widget elementor-widget-text-editor\" data-id=\"9717777\" data-element_type=\"widget\" data-widget_type=\"text-editor.default\">\n\t\t\t\t<div class=\"elementor-widget-container\">\n\t\t\t\t\t\t\t<p>Stari Grad, em Hvar, oferece uma ampla gama de atividades que ir\u00e3o satisfazer a todos \u2014 desde aqueles que buscam relaxamento at\u00e9 aqueles que buscam aventura e entretenimento. Al\u00e9m de sua rica hist\u00f3ria, cultura e beleza natural, Stari Grad \u00e9 conhecida por seus festivais e eventos que encantam os visitantes. Seja para curtir m\u00fasica, gastronomia, vinho ou esportes, Stari Grad tem algo para todos. Para um guia detalhado da ilha de Hvar, n\u00e3o deixe de visitar nosso blog: <em data-start=\"679\" data-end=\"720\"><a href=\"https:\/\/dalmatia-express.com\/pt\/blog\/the-complete-guide-to-hvar-island\/\">\u201cGuia completo para a ilha de Hvar.\u201d<\/a><\/em><\/p>\t\t\t\t\t\t<\/div>\n\t\t\t\t<\/div>\n\t\t\t\t<div class=\"elementor-element elementor-element-1a04436 elementor-widget elementor-widget-heading\" data-id=\"1a04436\" data-element_type=\"widget\" data-widget_type=\"heading.default\">\n\t\t\t\t<div class=\"elementor-widget-container\">\n\t\t\t<h3 class=\"elementor-heading-title elementor-size-default\"><span id=\"Jazz_Wine_Festival\">Festival de Jazz e Vinhos \n<\/span><\/h3>\t\t<\/div>\n\t\t\t\t<\/div>\n\t\t\t\t<div class=\"elementor-element elementor-element-c6b9479 elementor-widget elementor-widget-image\" data-id=\"c6b9479\" data-element_type=\"widget\" data-widget_type=\"image.default\">\n\t\t\t\t<div class=\"elementor-widget-container\">\n\t\t\t\t\t\t\t\t\t\t\t\t\t\t\t<img loading=\"lazy\" decoding=\"async\" width=\"1200\" height=\"800\" src=\"https:\/\/dalmatia-express.com\/wp-content\/uploads\/2022\/07\/Jazz-Wine-Festival-Stari-Grad-Croatia.webp\" class=\"attachment-full size-full\" alt=\"Jazz &amp; Wine Festival Stari Grad, Cro\u00e1cia\" srcset=\"https:\/\/dalmatia-express.com\/wp-content\/uploads\/2022\/07\/Jazz-Wine-Festival-Stari-Grad-Croatia.webp 1200w, https:\/\/dalmatia-express.com\/wp-content\/uploads\/2022\/07\/Jazz-Wine-Festival-Stari-Grad-Croatia-300x200.webp 300w, https:\/\/dalmatia-express.com\/wp-content\/uploads\/2022\/07\/Jazz-Wine-Festival-Stari-Grad-Croatia-1024x683.webp 1024w, https:\/\/dalmatia-express.com\/wp-content\/uploads\/2022\/07\/Jazz-Wine-Festival-Stari-Grad-Croatia-768x512.webp 768w\" sizes=\"auto, (max-width: 1200px) 100vw, 1200px\" \/>\t\t\t\t\t\t\t\t\t\t\t\t\t\t\t<\/div>\n\t\t\t\t<\/div>\n\t\t\t\t<div class=\"elementor-element elementor-element-feddad7 elementor-widget elementor-widget-text-editor\" data-id=\"feddad7\" data-element_type=\"widget\" data-widget_type=\"text-editor.default\">\n\t\t\t\t<div class=\"elementor-widget-container\">\n\t\t\t\t\t\t\t<p><strong data-start=\"754\" data-end=\"763\">Data:<\/strong> Final de julho<br data-start=\"773\" data-end=\"776\" \/><strong data-start=\"776\" data-end=\"789\">Localiza\u00e7\u00e3o:<\/strong> Stari Grad, Hvar<br data-start=\"806\" data-end=\"809\" \/>O Festival de Jazz e Vinho em Stari Grad combina perfeitamente dois elementos t\u00e3o queridos: m\u00fasica e vinho. Se voc\u00ea gosta de jazz relaxante acompanhado de uma ta\u00e7a de vinho premium, este festival \u00e9 imperd\u00edvel. Ao longo de tr\u00eas dias, os visitantes podem desfrutar de apresenta\u00e7\u00f5es de renomados m\u00fasicos de jazz locais e internacionais, enquanto degustam alguns dos melhores vinhos locais. Este evento \u00e9 ideal para todos os amantes de m\u00fasica e vinho que buscam vivenciar a atmosfera \u00fanica de Stari Grad.<\/p>\t\t\t\t\t\t<\/div>\n\t\t\t\t<\/div>\n\t\t\t\t<div class=\"elementor-element elementor-element-27fe143 elementor-widget elementor-widget-heading\" data-id=\"27fe143\" data-element_type=\"widget\" data-widget_type=\"heading.default\">\n\t\t\t\t<div class=\"elementor-widget-container\">\n\t\t\t<h3 class=\"elementor-heading-title elementor-size-default\"><span id=\"Love_Me_Do_Festival\">Festival Love Me Do \n<\/span><\/h3>\t\t<\/div>\n\t\t\t\t<\/div>\n\t\t\t\t<div class=\"elementor-element elementor-element-97e1918 elementor-widget elementor-widget-text-editor\" data-id=\"97e1918\" data-element_type=\"widget\" data-widget_type=\"text-editor.default\">\n\t\t\t\t<div class=\"elementor-widget-container\">\n\t\t\t\t\t\t\t<p><strong data-start=\"1299\" data-end=\"1308\">Data:<\/strong> In\u00edcio de agosto<br data-start=\"1321\" data-end=\"1324\" \/><strong data-start=\"1324\" data-end=\"1337\">Localiza\u00e7\u00e3o:<\/strong> Tvrdalj, Stari Grad<br data-start=\"1357\" data-end=\"1360\" \/>O festival Love Me Do \u00e9 um evento \u00fanico dedicado a associa\u00e7\u00f5es e produtores locais, realizado no in\u00edcio de agosto no hist\u00f3rico s\u00edtio de Tvrdalj. O festival conta com estandes onde voc\u00ea pode apoiar os produtos locais enquanto assiste a shows e apresenta\u00e7\u00f5es de bandas e artistas locais. O festival tem um car\u00e1ter humanit\u00e1rio, oferecendo aos visitantes a oportunidade de se conectar com a comunidade local, apoiar familiares e empreendedores locais e apreciar boa m\u00fasica. Para os amantes da boa m\u00fasica e dos produtos locais, o Love Me Do \u00e9 um evento imperd\u00edvel.<\/p>\t\t\t\t\t\t<\/div>\n\t\t\t\t<\/div>\n\t\t\t\t<div class=\"elementor-element elementor-element-43b6fd5 elementor-widget elementor-widget-heading\" data-id=\"43b6fd5\" data-element_type=\"widget\" data-widget_type=\"heading.default\">\n\t\t\t\t<div class=\"elementor-widget-container\">\n\t\t\t<h3 class=\"elementor-heading-title elementor-size-default\"><span id=\"St_Roko_Day_The_day_of_the_city\">St. Roko Day \u2013 O dia da cidade\n<\/span><\/h3>\t\t<\/div>\n\t\t\t\t<\/div>\n\t\t\t\t<div class=\"elementor-element elementor-element-953587e elementor-widget elementor-widget-image\" data-id=\"953587e\" data-element_type=\"widget\" data-widget_type=\"image.default\">\n\t\t\t\t<div class=\"elementor-widget-container\">\n\t\t\t\t\t\t\t\t\t\t\t\t\t\t\t<img loading=\"lazy\" decoding=\"async\" width=\"2048\" height=\"1366\" src=\"https:\/\/dalmatia-express.com\/wp-content\/uploads\/2022\/07\/Stari-Grad-on-sv-.Roko_.webp\" class=\"attachment-full size-full\" alt=\"Stari Grad em St. Roko Day \u2013 O dia da cidade\" srcset=\"https:\/\/dalmatia-express.com\/wp-content\/uploads\/2022\/07\/Stari-Grad-on-sv-.Roko_.webp 2048w, https:\/\/dalmatia-express.com\/wp-content\/uploads\/2022\/07\/Stari-Grad-on-sv-.Roko_-300x200.webp 300w, https:\/\/dalmatia-express.com\/wp-content\/uploads\/2022\/07\/Stari-Grad-on-sv-.Roko_-1024x683.webp 1024w, https:\/\/dalmatia-express.com\/wp-content\/uploads\/2022\/07\/Stari-Grad-on-sv-.Roko_-768x512.webp 768w, https:\/\/dalmatia-express.com\/wp-content\/uploads\/2022\/07\/Stari-Grad-on-sv-.Roko_-1536x1025.webp 1536w\" sizes=\"auto, (max-width: 2048px) 100vw, 2048px\" \/>\t\t\t\t\t\t\t\t\t\t\t\t\t\t\t<\/div>\n\t\t\t\t<\/div>\n\t\t\t\t<div class=\"elementor-element elementor-element-d45e24c elementor-widget elementor-widget-text-editor\" data-id=\"d45e24c\" data-element_type=\"widget\" data-widget_type=\"text-editor.default\">\n\t\t\t\t<div class=\"elementor-widget-container\">\n\t\t\t\t\t\t\t<p><strong data-start=\"1911\" data-end=\"1920\">Data:<\/strong> 16 de agosto<br data-start=\"1930\" data-end=\"1933\" \/><strong data-start=\"1933\" data-end=\"1946\">Localiza\u00e7\u00e3o:<\/strong> Stari Grad, Hvar<br data-start=\"1963\" data-end=\"1966\" \/>O Dia de S\u00e3o Roque \u00e9 o dia tradicional da cidade de Stari Grad, comemorado em 16 de agosto. O dia \u00e9 repleto de eventos, incluindo barracas, shows e festividades no centro da cidade. O destaque, sem d\u00favida, s\u00e3o os fogos de artif\u00edcio \u00e0 meia-noite, que criam uma atmosfera espetacular no c\u00e9u acima de Stari Grad. Se voc\u00ea gosta de festivais e ambientes animados, este \u00e9 o dia perfeito para voc\u00ea.<br data-start=\"2341\" data-end=\"2344\" \/>Nos dias que antecedem o evento, 12 e 13 de agosto, voc\u00ea poder\u00e1 testemunhar um fen\u00f4meno natural \u00fanico: as &quot;L\u00e1grimas de S\u00e3o Louren\u00e7o&quot;, uma chuva de meteoros vis\u00edvel no c\u00e9u noturno. Para ver esse espet\u00e1culo, afaste-se das luzes da cidade e aprecie o c\u00e9u estrelado.<\/p>\t\t\t\t\t\t<\/div>\n\t\t\t\t<\/div>\n\t\t\t\t<div class=\"elementor-element elementor-element-42be22c elementor-widget elementor-widget-spacer\" data-id=\"42be22c\" data-element_type=\"widget\" data-widget_type=\"spacer.default\">\n\t\t\t\t<div class=\"elementor-widget-container\">\n\t\t\t\t\t<div class=\"elementor-spacer\">\n\t\t\t<div class=\"elementor-spacer-inner\"><\/div>\n\t\t<\/div>\n\t\t\t\t<\/div>\n\t\t\t\t<\/div>\n\t\t\t\t<div class=\"elementor-element elementor-element-841f869 elementor-widget elementor-widget-heading\" data-id=\"841f869\" data-element_type=\"widget\" data-widget_type=\"heading.default\">\n\t\t\t\t<div class=\"elementor-widget-container\">\n\t\t\t<h2 class=\"elementor-heading-title elementor-size-default\"><span id=\"For_kids\">para crian\u00e7as \n<\/span><\/h2>\t\t<\/div>\n\t\t\t\t<\/div>\n\t\t\t\t<div class=\"elementor-element elementor-element-f9f4dd5 elementor-widget elementor-widget-text-editor\" data-id=\"f9f4dd5\" data-element_type=\"widget\" data-widget_type=\"text-editor.default\">\n\t\t\t\t<div class=\"elementor-widget-container\">\n\t\t\t\t\t\t\t<p>Stari Grad, em Hvar, oferece uma variedade de atividades para garantir que seus pequenos tenham um ver\u00e3o inesquec\u00edvel. Seja aprendendo novas habilidades, brincando ao sol ou participando de eventos culturais, a cidade oferece muitas op\u00e7\u00f5es de entretenimento e educa\u00e7\u00e3o para crian\u00e7as. Aqui est\u00e3o algumas das melhores atividades para crian\u00e7as que voc\u00ea pode experimentar:<\/p>\t\t\t\t\t\t<\/div>\n\t\t\t\t<\/div>\n\t\t\t\t<div class=\"elementor-element elementor-element-710fb73 elementor-widget elementor-widget-heading\" data-id=\"710fb73\" data-element_type=\"widget\" data-widget_type=\"heading.default\">\n\t\t\t\t<div class=\"elementor-widget-container\">\n\t\t\t<h3 class=\"elementor-heading-title elementor-size-default\"><span id=\"Swimming_and_water_polo_summer_school\">Escola de ver\u00e3o de nata\u00e7\u00e3o e p\u00f3lo aqu\u00e1tico\n<\/span><\/h3>\t\t<\/div>\n\t\t\t\t<\/div>\n\t\t\t\t<div class=\"elementor-element elementor-element-ba74d3d elementor-widget elementor-widget-text-editor\" data-id=\"ba74d3d\" data-element_type=\"widget\" data-widget_type=\"text-editor.default\">\n\t\t\t\t<div class=\"elementor-widget-container\">\n\t\t\t\t\t\t\t<p><strong data-start=\"3015\" data-end=\"3028\">Localiza\u00e7\u00e3o:<\/strong> \u00c1rea de banho de mar, praia de Bonj<br data-start=\"3057\" data-end=\"3060\" \/><strong data-start=\"3060\" data-end=\"3069\">Data:<\/strong> Julho e agosto<br data-start=\"3085\" data-end=\"3088\" \/>O Clube de Nata\u00e7\u00e3o PK For oferece uma escola de nata\u00e7\u00e3o e polo aqu\u00e1tico de ver\u00e3o para crian\u00e7as do ensino fundamental durante os meses de ver\u00e3o. O programa \u00e9 voltado para todas as crian\u00e7as que desejam aprender a nadar ou aprimorar suas habilidades em nata\u00e7\u00e3o e polo aqu\u00e1tico. Embora o programa n\u00e3o inclua treinamento para n\u00e3o nadadores, crian\u00e7as que j\u00e1 sabem nadar podem desfrutar deste ambiente divertido e esportivo. A escola fica na praia de Bonj, onde as crian\u00e7as desfrutam de um ambiente agrad\u00e1vel com supervis\u00e3o segura.<\/p>\t\t\t\t\t\t<\/div>\n\t\t\t\t<\/div>\n\t\t\t\t<div class=\"elementor-element elementor-element-cbcdcef elementor-widget elementor-widget-heading\" data-id=\"cbcdcef\" data-element_type=\"widget\" data-widget_type=\"heading.default\">\n\t\t\t\t<div class=\"elementor-widget-container\">\n\t\t\t<h3 class=\"elementor-heading-title elementor-size-default\"><span id=\"Sailing_school\">escola de vela\n<\/span><\/h3>\t\t<\/div>\n\t\t\t\t<\/div>\n\t\t\t\t<div class=\"elementor-element elementor-element-0d1c24b elementor-widget elementor-widget-text-editor\" data-id=\"0d1c24b\" data-element_type=\"widget\" data-widget_type=\"text-editor.default\">\n\t\t\t\t<div class=\"elementor-widget-container\">\n\t\t\t\t\t\t\t<p data-start=\"3586\" data-end=\"4159\"><strong data-start=\"3607\" data-end=\"3620\">Localiza\u00e7\u00e3o:<\/strong> Clube de Vela Helios<br data-start=\"3640\" data-end=\"3643\" \/><strong data-start=\"3643\" data-end=\"3652\">Data:<\/strong> Agosto<br data-start=\"3659\" data-end=\"3662\" \/>Para as crian\u00e7as que amam o mar e a vela, o Helios Sailing Club oferece uma pequena escola de vela todo m\u00eas de agosto. Sob supervis\u00e3o especializada, as crian\u00e7as aprendem o b\u00e1sico da vela e se divertem navegando pelo Mar Adri\u00e1tico. Este programa proporciona uma experi\u00eancia inesquec\u00edvel e uma oportunidade para as crian\u00e7as desenvolverem novas habilidades, enquanto os pais relaxam na praia sob um guarda-sol, com uma bebida refrescante e uma brisa suave. \u00c9 ideal para fam\u00edlias que desejam combinar o prazer da natureza com experi\u00eancias educacionais.<\/p>\t\t\t\t\t\t<\/div>\n\t\t\t\t<\/div>\n\t\t\t\t<div class=\"elementor-element elementor-element-83bfd2b elementor-widget elementor-widget-heading\" data-id=\"83bfd2b\" data-element_type=\"widget\" data-widget_type=\"heading.default\">\n\t\t\t\t<div class=\"elementor-widget-container\">\n\t\t\t<h3 class=\"elementor-heading-title elementor-size-default\"><span id=\"Summer_music_school\">escola de m\u00fasica de ver\u00e3o\n<\/span><\/h3>\t\t<\/div>\n\t\t\t\t<\/div>\n\t\t\t\t<div class=\"elementor-element elementor-element-11b1547 elementor-widget elementor-widget-text-editor\" data-id=\"11b1547\" data-element_type=\"widget\" data-widget_type=\"text-editor.default\">\n\t\t\t\t<div class=\"elementor-widget-container\">\n\t\t\t\t\t\t\t<p><strong data-start=\"4192\" data-end=\"4205\">Localiza\u00e7\u00e3o:<\/strong> Guitarra, Stari Grad<br data-start=\"4228\" data-end=\"4231\" \/><strong data-start=\"4231\" data-end=\"4240\">Data:<\/strong> Julho<br data-start=\"4245\" data-end=\"4248\" \/>Gitarastra \u00e9 uma escola de m\u00fasica de ver\u00e3o realizada anualmente em julho. Esta escola \u00e9 voltada para crian\u00e7as que desejam aprender a tocar viol\u00e3o, sejam iniciantes ou j\u00e1 com conhecimentos b\u00e1sicos. Guitarristas experientes orientam as crian\u00e7as a desenvolver seu talento musical e adquirir novas habilidades. Se seu filho ama m\u00fasica e quer aprender viol\u00e3o, a Gitarastra \u00e9 o come\u00e7o perfeito para sua jornada musical. Al\u00e9m da t\u00e9cnica, as crian\u00e7as tamb\u00e9m ter\u00e3o oportunidades de se apresentar, criando mem\u00f3rias inesquec\u00edveis.<\/p>\t\t\t\t\t\t<\/div>\n\t\t\t\t<\/div>\n\t\t\t\t<div class=\"elementor-element elementor-element-7196fdb elementor-widget elementor-widget-spacer\" data-id=\"7196fdb\" data-element_type=\"widget\" data-widget_type=\"spacer.default\">\n\t\t\t\t<div class=\"elementor-widget-container\">\n\t\t\t\t\t<div class=\"elementor-spacer\">\n\t\t\t<div class=\"elementor-spacer-inner\"><\/div>\n\t\t<\/div>\n\t\t\t\t<\/div>\n\t\t\t\t<\/div>\n\t\t\t\t<div class=\"elementor-element elementor-element-5c207b8 elementor-widget elementor-widget-heading\" data-id=\"5c207b8\" data-element_type=\"widget\" data-widget_type=\"heading.default\">\n\t\t\t\t<div class=\"elementor-widget-container\">\n\t\t\t<h2 class=\"elementor-heading-title elementor-size-default\"><span id=\"Beaches_nearby\">Praias pr\u00f3ximas\n<\/span><\/h2>\t\t<\/div>\n\t\t\t\t<\/div>\n\t\t\t\t<div class=\"elementor-element elementor-element-02be17e elementor-widget elementor-widget-text-editor\" data-id=\"02be17e\" data-element_type=\"widget\" data-widget_type=\"text-editor.default\">\n\t\t\t\t<div class=\"elementor-widget-container\">\n\t\t\t\t\t\t\t<p><a href=\"https:\/\/goo.gl\/maps\/ngCTj4LFvwfYCyuK9\" target=\"_blank\" rel=\"noopener\"><b>Bonj<\/b><\/a><span style=\"font-weight: 400;\"> \u2013 Uma praia de calhau localizada perto do centro. \u00d3ptimo para as crian\u00e7as, especialmente porque tem um parque aqu\u00e1tico, para os mais pequenos poderem brincar enquanto voc\u00ea apanha banhos de sol. h\u00e1 tamb\u00e9m um <\/span><a href=\"https:\/\/goo.gl\/maps\/J88jNEakDE7QLxs9A\" target=\"_blank\" rel=\"noopener\"><span style=\"font-weight: 400;\">restaurante<\/span><\/a><span style=\"font-weight: 400;\"> e um caf\u00e9-bar nas proximidades.<\/span><\/p>\t\t\t\t\t\t<\/div>\n\t\t\t\t<\/div>\n\t\t\t\t<div class=\"elementor-element elementor-element-68a38d4 elementor-widget elementor-widget-text-editor\" data-id=\"68a38d4\" data-element_type=\"widget\" data-widget_type=\"text-editor.default\">\n\t\t\t\t<div class=\"elementor-widget-container\">\n\t\t\t\t\t\t\t<p><a href=\"https:\/\/goo.gl\/maps\/6j4EYWoZJRzqS6d68\" target=\"_blank\" rel=\"noopener\"><b>lanterna<\/b><\/a><span style=\"font-weight: 400;\"> \u2013 no Southside de Stari Grad fica Lanterna, uma praia de calhau cujo nome veio da lanterna nas proximidades. Voc\u00ea pode chegar a p\u00e9 ou de bicicleta, h\u00e1 banheiros, chuveiros e vesti\u00e1rios. O bar Tramonto est\u00e1 ao virar da esquina, por isso n\u00e3o se esque\u00e7a de tomar algumas bebidas depois de nadar! <\/span><\/p>\t\t\t\t\t\t<\/div>\n\t\t\t\t<\/div>\n\t\t\t\t<div class=\"elementor-element elementor-element-9e21fb7 elementor-widget elementor-widget-text-editor\" data-id=\"9e21fb7\" data-element_type=\"widget\" data-widget_type=\"text-editor.default\">\n\t\t\t\t<div class=\"elementor-widget-container\">\n\t\t\t\t\t\t\t<p><strong><a href=\"https:\/\/www.beachrex.com\/en\/croatia\/dalmatia\/stari-grad-beaches\/beach-maslinica-1\" target=\"_blank\" rel=\"noopener\">Maslinica<\/a><\/strong><span style=\"font-weight: 400;\"> \u2013 Uma praia de areia a 2 quil\u00f4metros da cidade. \u00c9 acess\u00edvel de carro (existe um parque de estacionamento perto da praia) ou de barco. Aproveite esta ba\u00eda tranquila, o mar azul-turquesa e o canto dos grilos nos pinheiros pr\u00f3ximos. \u2013\u00a0<\/span><a style=\"font-size: 15px; font-family: var( --e-global-typography-text-font-family ), Sans-serif; font-weight: var( --e-global-typography-text-font-weight ); background-color: #ffffff;\" href=\"https:\/\/goo.gl\/maps\/GLLg3QTWiCXKhrni8\" target=\"_blank\" rel=\"noopener\">Localiza\u00e7\u00e3o Clique aqui<\/a><\/p>\t\t\t\t\t\t<\/div>\n\t\t\t\t<\/div>\n\t\t\t\t<div class=\"elementor-element elementor-element-b9d8ffa elementor-widget elementor-widget-text-editor\" data-id=\"b9d8ffa\" data-element_type=\"widget\" data-widget_type=\"text-editor.default\">\n\t\t\t\t<div class=\"elementor-widget-container\">\n\t\t\t\t\t\t\t<p><span style=\"font-weight: 400;\"><b><a href=\"https:\/\/goo.gl\/maps\/zZ4SwXEYcjeknhrt6\" target=\"_blank\" rel=\"noopener\">\u017dukova<\/a> <\/b><\/span><span style=\"font-weight: 400;\">\u2013 Localizado do outro lado da Ilha de Bra\u010d e a 2 km de Stari Grad, \u017dukova tem algo para todos. Se vier com a fam\u00edlia, h\u00e1 uma parte de seixos na praia e, se for mais aventureiro, \u017dukova tem fal\u00e9sias que rodeiam a ba\u00eda, perfeitas para explorar e apanhar banhos de sol<\/span><\/p>\t\t\t\t\t\t<\/div>\n\t\t\t\t<\/div>\n\t\t\t\t<div class=\"elementor-element elementor-element-61cc978 elementor-widget elementor-widget-spacer\" data-id=\"61cc978\" data-element_type=\"widget\" data-widget_type=\"spacer.default\">\n\t\t\t\t<div class=\"elementor-widget-container\">\n\t\t\t\t\t<div class=\"elementor-spacer\">\n\t\t\t<div class=\"elementor-spacer-inner\"><\/div>\n\t\t<\/div>\n\t\t\t\t<\/div>\n\t\t\t\t<\/div>\n\t\t\t\t<div class=\"elementor-element elementor-element-9981cb6 elementor-widget elementor-widget-heading\" data-id=\"9981cb6\" data-element_type=\"widget\" data-widget_type=\"heading.default\">\n\t\t\t\t<div class=\"elementor-widget-container\">\n\t\t\t<h2 class=\"elementor-heading-title elementor-size-default\"><span id=\"Best-rated_restaurants\">Restaurantes mais bem avaliados\n<\/span><\/h2>\t\t<\/div>\n\t\t\t\t<\/div>\n\t\t\t\t<div class=\"elementor-element elementor-element-ba325c3 elementor-widget elementor-widget-text-editor\" data-id=\"ba325c3\" data-element_type=\"widget\" data-widget_type=\"text-editor.default\">\n\t\t\t\t<div class=\"elementor-widget-container\">\n\t\t\t\t\t\t\t<p><a href=\"https:\/\/goo.gl\/maps\/L8seXQYmzyu2nFMP8\" target=\"_blank\" rel=\"noopener\"><span style=\"font-weight: 400;\">portas azuis<\/span><\/a><span style=\"font-weight: 400;\"> \u2013 um \u00f3timo lugar no cora\u00e7\u00e3o de Stari Grad. Oferece comida mediterr\u00e2nea tradicional e \u00e9 vegetariano.\u00a0<\/span><\/p><p><a href=\"https:\/\/goo.gl\/maps\/WaStbzxiCCo1ecHH8\" target=\"_blank\" rel=\"noopener\"><span style=\"font-weight: 400;\">nauta<\/span><\/a><span style=\"font-weight: 400;\"> \u2013 um doce restaurante e pizzaria ao lado de Tvrdalj. O Nauta oferece uma grande variedade de frutos do mar preparados de forma tradicional, com pre\u00e7os muito acess\u00edveis. Al\u00e9m disso, op\u00e7\u00f5es vegetarianas, veganas e sem gl\u00faten est\u00e3o dispon\u00edveis.\u00a0<\/span><\/p><p><a href=\"https:\/\/goo.gl\/maps\/nUZGYyYBhY1Td64w5\" target=\"_blank\" rel=\"noopener\"><span style=\"font-weight: 400;\">Taverna Kokot<\/span><\/a><span style=\"font-weight: 400;\"> \u2013 localizado em Dol, um pequeno vilarejo 8 quil\u00f4metros a sudeste de Stari grad. Mais um restaurante de comida local com op\u00e7\u00f5es vegetarianas, \u00f3timo ambiente e pre\u00e7os razo\u00e1veis.<\/span><\/p><p><a href=\"https:\/\/goo.gl\/maps\/ED3djBTQdSU45yA46\" target=\"_blank\" rel=\"noopener\"><span style=\"font-weight: 400;\">La Gitana<\/span><\/a><span style=\"font-weight: 400;\"> \u2013 um restaurante no centro da cidade. Oferece pratos locais, juntamente com alternativas vegetarianas, veganas e sem gl\u00faten. N\u00e3o deixe de experimentar um bife de atum com massa, n\u00e3o se vai arrepender!<\/span><\/p><p><a href=\"https:\/\/goo.gl\/maps\/SNo2LhxKByAdKTma7\" target=\"_blank\" rel=\"noopener\"><span style=\"font-weight: 400;\">Recanto<\/span><\/a><span style=\"font-weight: 400;\"> \u2013 um local a poucos metros do mar, o Nook diferencia-se de outros restaurantes tradicionais mediterr\u00e2nicos. Oferece refei\u00e7\u00f5es saud\u00e1veis, vegetarianas e veganas por um \u00f3timo pre\u00e7o. Animais de estima\u00e7\u00e3o tamb\u00e9m s\u00e3o permitidos no restaurante!<\/span><\/p><p><a href=\"https:\/\/goo.gl\/maps\/6ZodLZyjgzAAKGieA\" target=\"_blank\" rel=\"noopener\"><span style=\"font-weight: 400;\">pinetta<\/span><\/a><span style=\"font-weight: 400;\"> \u2013 mais um fant\u00e1stico restaurante tradicional mediterr\u00e2nico que oferece todo o tipo de pratos caracter\u00edsticos destas regi\u00f5es. Op\u00e7\u00f5es sem gl\u00faten, vegetarianas e veganas tamb\u00e9m est\u00e3o inclu\u00eddas.<\/span><\/p>\t\t\t\t\t\t<\/div>\n\t\t\t\t<\/div>\n\t\t\t\t<div class=\"elementor-element elementor-element-ecb4a70 elementor-widget elementor-widget-spacer\" data-id=\"ecb4a70\" data-element_type=\"widget\" data-widget_type=\"spacer.default\">\n\t\t\t\t<div class=\"elementor-widget-container\">\n\t\t\t\t\t<div class=\"elementor-spacer\">\n\t\t\t<div class=\"elementor-spacer-inner\"><\/div>\n\t\t<\/div>\n\t\t\t\t<\/div>\n\t\t\t\t<\/div>\n\t\t\t\t<div class=\"elementor-element elementor-element-018278c elementor-widget elementor-widget-heading\" data-id=\"018278c\" data-element_type=\"widget\" data-widget_type=\"heading.default\">\n\t\t\t\t<div class=\"elementor-widget-container\">\n\t\t\t<h2 class=\"elementor-heading-title elementor-size-default\"><span id=\"Nightlife\">vida noturna  \n<\/span><\/h2>\t\t<\/div>\n\t\t\t\t<\/div>\n\t\t\t\t<div class=\"elementor-element elementor-element-2ad089e elementor-widget elementor-widget-text-editor\" data-id=\"2ad089e\" data-element_type=\"widget\" data-widget_type=\"text-editor.default\">\n\t\t\t\t<div class=\"elementor-widget-container\">\n\t\t\t\t\t\t\t<p>Stari Grad, em Hvar, n\u00e3o \u00e9 s\u00f3 para tomar sol e passear \u2014 \u00e9 tamb\u00e9m um lugar tranquilo para curtir uma vida noturna descontra\u00edda. Embora mais tranquila do que a movimentada cidade de Hvar, Stari Grad oferece \u00f3timos bares onde voc\u00ea pode saborear coquet\u00e9is, ouvir boa m\u00fasica e absorver a atmosfera. Aqui est\u00e3o os dois lugares mais badalados para seus passeios noturnos:<\/p>\t\t\t\t\t\t<\/div>\n\t\t\t\t<\/div>\n\t\t\t\t<div class=\"elementor-element elementor-element-eb880b2 elementor-widget elementor-widget-text-editor\" data-id=\"eb880b2\" data-element_type=\"widget\" data-widget_type=\"text-editor.default\">\n\t\t\t\t<div class=\"elementor-widget-container\">\n\t\t\t\t\t\t\t<p><a href=\"https:\/\/goo.gl\/maps\/g7V183HnSHzLtVPc8\" target=\"_blank\" rel=\"noopener\"><span style=\"font-weight: 400;\">Tramonto<\/span><\/a><span style=\"font-weight: 400;\"> \u2013 Localizado \u00e0 beira-mar, o bar Tramonto oferece vistas deslumbrantes de \u00e1guas cristalinas. \u00c9 perfeito para relaxar ap\u00f3s um dia na praia. Longe do barulho da cidade, voc\u00ea pode desfrutar de um ambiente tranquilo enquanto saboreia coquet\u00e9is e ouve m\u00fasicas suaves. Ideal para um p\u00f4r do sol rom\u00e2ntico ou uma noite descontra\u00edda com os amigos.<\/span><\/p><p><a href=\"https:\/\/goo.gl\/maps\/4BNmZxo6PBonZpdt5\" target=\"_blank\" rel=\"noopener\"><span style=\"font-weight: 400;\">Lampedusa<\/span><\/a><span style=\"font-weight: 400;\"> \u2013 <\/span>Bem no cora\u00e7\u00e3o de Stari Grad, o Lampedusa \u00e9 o lugar para coquet\u00e9is de primeira qualidade, especialmente o famoso gim-t\u00f4nica. \u00c9 um lugar descontra\u00eddo para conversar com amigos, curtir a m\u00fasica e saborear drinques exclusivos. Se voc\u00ea busca uma noite animada e descontra\u00edda, o Lampedusa \u00e9 a sua escolha.<\/p><p data-start=\"1098\" data-end=\"1217\">Aproveite a magia da vida noturna de Stari Grad, onde bares tranquilos e coquet\u00e9is incr\u00edveis criam o clima perfeito para sua noite.<\/p>\t\t\t\t\t\t<\/div>\n\t\t\t\t<\/div>\n\t\t\t\t<div class=\"elementor-element elementor-element-44b8016 elementor-widget elementor-widget-spacer\" data-id=\"44b8016\" data-element_type=\"widget\" data-widget_type=\"spacer.default\">\n\t\t\t\t<div class=\"elementor-widget-container\">\n\t\t\t\t\t<div class=\"elementor-spacer\">\n\t\t\t<div class=\"elementor-spacer-inner\"><\/div>\n\t\t<\/div>\n\t\t\t\t<\/div>\n\t\t\t\t<\/div>\n\t\t\t\t<div class=\"elementor-element elementor-element-ba22ab0 elementor-widget elementor-widget-heading\" data-id=\"ba22ab0\" data-element_type=\"widget\" data-widget_type=\"heading.default\">\n\t\t\t\t<div class=\"elementor-widget-container\">\n\t\t\t<h2 class=\"elementor-heading-title elementor-size-default\"><span id=\"Best_accommodations\">melhores acomoda\u00e7\u00f5es \n<\/span><\/h2>\t\t<\/div>\n\t\t\t\t<\/div>\n\t\t\t\t<div class=\"elementor-element elementor-element-605c4da elementor-widget elementor-widget-text-editor\" data-id=\"605c4da\" data-element_type=\"widget\" data-widget_type=\"text-editor.default\">\n\t\t\t\t<div class=\"elementor-widget-container\">\n\t\t\t\t\t\t\t<p>Stari Grad oferece uma ampla variedade de acomoda\u00e7\u00f5es para todos os gostos e or\u00e7amentos. Seja um hotel de luxo, um resort familiar ou uma vila charmosa, Stari Grad tem op\u00e7\u00f5es para tornar sua estadia confort\u00e1vel e inesquec\u00edvel.<\/p>\t\t\t\t\t\t<\/div>\n\t\t\t\t<\/div>\n\t\t\t\t<div class=\"elementor-element elementor-element-54addd9 elementor-widget elementor-widget-heading\" data-id=\"54addd9\" data-element_type=\"widget\" data-widget_type=\"heading.default\">\n\t\t\t\t<div class=\"elementor-widget-container\">\n\t\t\t<h3 class=\"elementor-heading-title elementor-size-default\"><span id=\"Hotels\">hot\u00e9is<\/span><\/h3>\t\t<\/div>\n\t\t\t\t<\/div>\n\t\t\t\t<div class=\"elementor-element elementor-element-f499182 elementor-widget elementor-widget-text-editor\" data-id=\"f499182\" data-element_type=\"widget\" data-widget_type=\"text-editor.default\">\n\t\t\t\t<div class=\"elementor-widget-container\">\n\t\t\t\t\t\t\t<p><a href=\"http:\/\/www.hotel-antica.com\/\" target=\"_blank\" rel=\"noopener\"><span style=\"font-weight: 400;\">Antica<\/span><\/a><span style=\"font-weight: 400;\"> \u2013 Localizado perto do porto de balsas, o Antica \u00e9 perfeito para quem busca acomoda\u00e7\u00f5es confort\u00e1veis com f\u00e1cil acesso ao mar. Comodidades modernas e servi\u00e7o de primeira qualidade garantem uma estadia de qualidade perto de todas as principais atra\u00e7\u00f5es.<br data-start=\"1726\" data-end=\"1729\" \/>Endere\u00e7o: Trajektno pristani\u0161te 3, 21460 Stari Grad<\/span><\/p><p><a href=\"https:\/\/www.valamar.com\/hr\/hoteli-hvar\/hvar-places-hotel\" target=\"_blank\" rel=\"noopener\"><span style=\"font-weight: 400;\">Valamar<\/span><\/a><span style=\"font-weight: 400;\"> \u2013 Situado no bairro de Helios, o Valamar \u00e9 \u00f3timo para f\u00e9rias em fam\u00edlia ou um fim de semana relaxante. Oferece quartos aconchegantes a pre\u00e7os acess\u00edveis, com tudo o que voc\u00ea precisa para uma estadia agrad\u00e1vel.<br data-start=\"1995\" data-end=\"1998\" \/>Endere\u00e7o: Naselje \u2013 Helios 5, 21460 Stari Grad<\/span><\/p><p><a href=\"https:\/\/www.maslinaresort.com\/\" target=\"_blank\" rel=\"noopener\">Resort Maslina<\/a> \u2013 Se voc\u00ea busca luxo, o Maslina Resort oferece comodidades de primeira classe, privacidade e vistas deslumbrantes para o mar. Este resort cinco estrelas \u00e9 perfeito para quem busca conforto e eleg\u00e2ncia.<br data-start=\"2257\" data-end=\"2260\" \/>Endere\u00e7o: Uvala, 21460 Stari Grad<\/p>\t\t\t\t\t\t<\/div>\n\t\t\t\t<\/div>\n\t\t\t\t<div class=\"elementor-element elementor-element-3a1e30a elementor-widget elementor-widget-heading\" data-id=\"3a1e30a\" data-element_type=\"widget\" data-widget_type=\"heading.default\">\n\t\t\t\t<div class=\"elementor-widget-container\">\n\t\t\t<h3 class=\"elementor-heading-title elementor-size-default\"><span id=\"Villas\">Vilas \n<\/span><\/h3>\t\t<\/div>\n\t\t\t\t<\/div>\n\t\t\t\t<div class=\"elementor-element elementor-element-a8eab01 elementor-widget elementor-widget-text-editor\" data-id=\"a8eab01\" data-element_type=\"widget\" data-widget_type=\"text-editor.default\">\n\t\t\t\t<div class=\"elementor-widget-container\">\n\t\t\t\t\t\t\t<p><a href=\"http:\/\/www.apolon.hr\/\" target=\"_blank\" rel=\"noopener\"><span style=\"font-weight: 400;\">B&amp;B Heritage Villa Apolon<\/span><\/a> \u2013 Localizada no cal\u00e7ad\u00e3o Don \u0160ime Ljubi\u0107a, esta charmosa vila combina hist\u00f3ria e conforto. Com um p\u00e1tio privativo e um ambiente tranquilo, \u00e9 a escolha perfeita para uma experi\u00eancia aut\u00eantica em Stari Grad.<br data-start=\"2542\" data-end=\"2545\" \/>Endere\u00e7o: \u0160etali\u0161te don \u0160ime Ljubi\u0107a 7, 21246 Stari Grad<\/p><p><span style=\"font-weight: 400;\"><a href=\"https:\/\/www.google.com\/maps\/place\/Villa+Ekatera\/@43.1806164,16.5937838,332m\/data=!3m1!1e3!4m6!3m5!1s0x134a7fb4cf995bd1:0x34442e7c6f31944b!8m2!3d43.180238!4d16.5936886!16s%2Fg%2F11gr3c5k3v?entry=ttu&amp;g_ep=EgoyMDI1MDUyOC4wIKXMDSoASAFQAw%3D%3D\" target=\"_blank\" rel=\"noopener\">Vila Ekatera<\/a> \u2013 A Villa Ekatera oferece acomoda\u00e7\u00f5es modernas e elegantes, ideais para fam\u00edlias ou grupos. Espa\u00e7os privativos, servi\u00e7o de alta qualidade e um ambiente tranquilo garantem uma escapada perfeita.<br data-start=\"2799\" data-end=\"2802\" \/>Endere\u00e7o: Vukovarska cesta 17a, 21460 Stari Grad<\/span><\/p>\t\t\t\t\t\t<\/div>\n\t\t\t\t<\/div>\n\t\t\t\t<div class=\"elementor-element elementor-element-2509d21 elementor-widget elementor-widget-spacer\" data-id=\"2509d21\" data-element_type=\"widget\" data-widget_type=\"spacer.default\">\n\t\t\t\t<div class=\"elementor-widget-container\">\n\t\t\t\t\t<div class=\"elementor-spacer\">\n\t\t\t<div class=\"elementor-spacer-inner\"><\/div>\n\t\t<\/div>\n\t\t\t\t<\/div>\n\t\t\t\t<\/div>\n\t\t\t\t<div class=\"elementor-element elementor-element-9036c52 elementor-widget elementor-widget-heading\" data-id=\"9036c52\" data-element_type=\"widget\" data-widget_type=\"heading.default\">\n\t\t\t\t<div class=\"elementor-widget-container\">\n\t\t\t<h2 class=\"elementor-heading-title elementor-size-default\"><span id=\"Groceries_and_other_supplies\">Mantimentos e outros suprimentos\n<\/span><\/h2>\t\t<\/div>\n\t\t\t\t<\/div>\n\t\t\t\t<div class=\"elementor-element elementor-element-f8b2876 elementor-widget elementor-widget-text-editor\" data-id=\"f8b2876\" data-element_type=\"widget\" data-widget_type=\"text-editor.default\">\n\t\t\t\t<div class=\"elementor-widget-container\">\n\t\t\t\t\t\t\t<p data-start=\"146\" data-end=\"413\">Stari Grad oferece todos os servi\u00e7os necess\u00e1rios para uma estadia confort\u00e1vel e pr\u00e1tica \u2014 de supermercados a padarias, farm\u00e1cias e postos de gasolina. Seja para compras b\u00e1sicas ou algo espec\u00edfico, voc\u00ea encontrar\u00e1 facilmente tudo no centro da cidade e nas proximidades.<\/p><ol data-start=\"415\" data-end=\"1301\"><li data-start=\"415\" data-end=\"670\"><p data-start=\"418\" data-end=\"670\"><strong data-start=\"418\" data-end=\"434\">Supermercados<\/strong><br data-start=\"434\" data-end=\"437\" \/>H\u00e1 v\u00e1rios supermercados em Stari Grad, incluindo Studenac, Konzum e Tommy. Eles s\u00e3o perfeitos para comprar alimentos, bebidas e outros itens essenciais do dia a dia. Eles oferecem uma ampla variedade de produtos, desde alimentos frescos a utens\u00edlios dom\u00e9sticos.<\/p><\/li><li data-start=\"672\" data-end=\"863\"><p data-start=\"675\" data-end=\"863\"><strong data-start=\"675\" data-end=\"687\">Padarias<\/strong><br data-start=\"687\" data-end=\"690\" \/>No centro da cidade, voc\u00ea encontrar\u00e1 duas padarias que oferecem produtos frescos, como p\u00e3es, doces e bolos \u2014 ideais para um lanche r\u00e1pido ou para saborear uma iguaria tradicional da Dalm\u00e1cia.<\/p><\/li><li data-start=\"865\" data-end=\"1087\"><p data-start=\"868\" data-end=\"1087\"><strong data-start=\"868\" data-end=\"880\"><a href=\"http:\/\/goo.gl\/maps\/rBL1ZnW15ArPcKFg6\" target=\"_blank\" rel=\"noopener\">Farmacia<\/a><\/strong><br data-start=\"880\" data-end=\"883\" \/>A farm\u00e1cia em Stari Grad est\u00e1 localizada no cal\u00e7ad\u00e3o principal, facilitando o acesso de todos os visitantes. Aqui voc\u00ea pode comprar medicamentos, cosm\u00e9ticos e outros itens b\u00e1sicos de sa\u00fade e higiene.<\/p><\/li><li data-start=\"1089\" data-end=\"1301\"><p data-start=\"1092\" data-end=\"1301\"><strong data-start=\"1092\" data-end=\"1107\">Posto de gasolina<\/strong><br data-start=\"1107\" data-end=\"1110\" \/>O posto de gasolina mais pr\u00f3ximo fica em Jelsa, a cerca de 20 minutos de carro de Stari Grad. Se voc\u00ea planeja viajar de carro, leve isso em considera\u00e7\u00e3o para garantir que esteja preparado para abastecer durante sua estadia na ilha.<\/p><\/li><\/ol>\t\t\t\t\t\t<\/div>\n\t\t\t\t<\/div>\n\t\t\t\t\t<\/div>\n\t\t<\/div>\n\t\t\t\t\t\t\t<\/div>\n\t\t<\/section>\n\t\t\t\t\t\t\t<\/div>","protected":false},"excerpt":{"rendered":"<p>Stari Grad, Cro\u00e1cia \u2013 um Guia Completo\u00cdndice1 Stari Grad, Cro\u00e1cia \u2013 um Guia Completo1.1 Como chegar? 1.2 O que ver 1.2.1 Paredes de gesso de Stari Grad 1.2.2 Canto de klapa 1.2.3 Prociss\u00e3o \u201cZa kri\u017een\u201d 1.2.4 Tvrdalj 1.2.5 Igreja de Santo Est\u00eav\u00e3o 1.3 Museus e galerias 1.3.1 Museu de Stari Grad 1.3.2 Cole\u00e7\u00e3o em Tvrdalj 1.3.3 Arte [\u2026]<\/p>","protected":false},"author":1,"featured_media":0,"comment_status":"open","ping_status":"open","sticky":false,"template":"elementor_theme","format":"standard","meta":{"footnotes":""},"categories":[5],"tags":[10,46,44],"class_list":["post-4622","post","type-post","status-publish","format-standard","hentry","category-blog","tag-hedonism","tag-transportation","tag-travel-guides"],"_links":{"self":[{"href":"https:\/\/dalmatia-express.com\/pt\/wp-json\/wp\/v2\/posts\/4622","targetHints":{"allow":["GET"]}}],"collection":[{"href":"https:\/\/dalmatia-express.com\/pt\/wp-json\/wp\/v2\/posts"}],"about":[{"href":"https:\/\/dalmatia-express.com\/pt\/wp-json\/wp\/v2\/types\/post"}],"author":[{"embeddable":true,"href":"https:\/\/dalmatia-express.com\/pt\/wp-json\/wp\/v2\/users\/1"}],"replies":[{"embeddable":true,"href":"https:\/\/dalmatia-express.com\/pt\/wp-json\/wp\/v2\/comments?post=4622"}],"version-history":[{"count":25,"href":"https:\/\/dalmatia-express.com\/pt\/wp-json\/wp\/v2\/posts\/4622\/revisions"}],"predecessor-version":[{"id":5477,"href":"https:\/\/dalmatia-express.com\/pt\/wp-json\/wp\/v2\/posts\/4622\/revisions\/5477"}],"wp:attachment":[{"href":"https:\/\/dalmatia-express.com\/pt\/wp-json\/wp\/v2\/media?parent=4622"}],"wp:term":[{"taxonomy":"category","embeddable":true,"href":"https:\/\/dalmatia-express.com\/pt\/wp-json\/wp\/v2\/categories?post=4622"},{"taxonomy":"post_tag","embeddable":true,"href":"https:\/\/dalmatia-express.com\/pt\/wp-json\/wp\/v2\/tags?post=4622"}],"curies":[{"name":"wp","href":"https:\/\/api.w.org\/{rel}","templated":true}]}}